{"id":19293,"date":"2011-12-06T14:07:47","date_gmt":"2011-12-06T17:07:47","guid":{"rendered":"http:\/\/www.elsindical.com.ar\/notas\/?p=19293"},"modified":"2011-12-06T14:07:47","modified_gmt":"2011-12-06T17:07:47","slug":"juraron-los-nuevos-diputados-y-se-definen-las-autoridades-de-la-camara","status":"publish","type":"post","link":"https:\/\/www.elsindical.com.ar\/notas\/juraron-los-nuevos-diputados-y-se-definen-las-autoridades-de-la-camara\/","title":{"rendered":"Juraron los nuevos diputados y se definen las autoridades de la C\u00e1mara"},"content":{"rendered":"<p style=\"text-align: justify;\"><em><a href=\"http:\/\/www.elsindical.com.ar\/notas\/var\/www\/html\/notas\/wp-content\/uploads\/2011\/12\/composici\u00f3n-c\u00e1mara-de-diputados-2012.jpg\"><img loading=\"lazy\" decoding=\"async\" class=\"alignleft size-medium wp-image-19294\" title=\"composici\u00f3n-c\u00e1mara-de-diputados-2012\" src=\"http:\/\/www.elsindical.com.ar\/notas\/var\/www\/html\/notas\/wp-content\/uploads\/2011\/12\/composici\u00f3n-c\u00e1mara-de-diputados-2012-300x225.jpg\" alt=\"\" width=\"300\" height=\"225\" srcset=\"https:\/\/www.elsindical.com.ar\/notas\/var\/www\/html\/notas\/wp-content\/uploads\/2011\/12\/composici\u00f3n-c\u00e1mara-de-diputados-2012-300x225.jpg 300w, https:\/\/www.elsindical.com.ar\/notas\/var\/www\/html\/notas\/wp-content\/uploads\/2011\/12\/composici\u00f3n-c\u00e1mara-de-diputados-2012.jpg 408w\" sizes=\"auto, (max-width: 300px) 100vw, 300px\" \/><\/a>Los legisladores electos este a\u00f1o participan de la ceremonia de asunci\u00f3n. El ministro de Agricultura,<strong> Juli\u00e1n Dom\u00ednguez<\/strong>, ser\u00e1 el presidente del Cuerpo. Qued\u00f3 definidio as\u00ed el nuevo escenario parlamentario en el que <strong>el kirchnerismo tendr\u00e1 mayor\u00eda.<\/strong><\/em><\/p>\n<p style=\"text-align: justify;\">La sesi\u00f3n preparatoria arranc\u00f3 antes del <strong>mediod\u00eda <\/strong>en el recinto de Diputados, a donde se presentaron los legisladores electos para prestar juramento, antes de que sus cargos empiecen a <strong>regir el pr\u00f3ximo 10 de diciembre.<\/strong><\/p>\n<p style=\"text-align: justify;\">La sesi\u00f3n fue encabezada por la legisladora <strong>Margarita Ferr\u00e1 de Bartol<\/strong>, por ser la legisladora decana.<\/p>\n<p style=\"text-align: justify;\">El ministro de Agricultura, <strong>Juli\u00e1n Dominguez<\/strong> ser\u00e1 el presidente del cuerpo.<\/p>\n<p style=\"text-align: justify;\">Dom\u00ednguez tuvo una destacada actuaci\u00f3n al frente de esa cartera en los \u00faltimos a\u00f1os, en los que logr\u00f3 reconstituir la relaci\u00f3n del Gobierno con las entidades agropecuarias, tras la crisis desatada por la fallida resoluci\u00f3n 125.<\/p>\n<p style=\"text-align: justify;\">Por su parte, <strong>Normal Abdala de Matarazzo<\/strong>, del Frente C\u00edvico, ser\u00e1 <strong>vicepresidente primera<\/strong>. La legisladora, ex intendenta de la localidad santiague\u00f1a de Fernandez, tiene muy buena llegada con la ministra de Desarrollo Social, <strong>Alicia Kirchner<\/strong>.<\/p>\n<p style=\"text-align: justify;\">En tanto, el radicalismo design\u00f3 para ocupar la vicepresidencia segunda de la C\u00e1mara al cordob\u00e9s Mario Negri, quien regresa al Congreso con nuevo mandato.<\/p>\n<p style=\"text-align: justify;\">A\u00fan resta definir quien ocupar\u00e1 la vicepresidencia tercera del cuerpo, que es disputada por el Frente Amplio Progresista y el Peronismo Federal.<\/p>\n","protected":false},"excerpt":{"rendered":"<p>Los legisladores electos este a\u00f1o participan de la ceremonia de asunci\u00f3n. El ministro de Agricultura, Juli\u00e1n Dom\u00ednguez, ser\u00e1 el presidente del Cuerpo. Qued\u00f3 definidio as\u00ed el nuevo escenario parlamentario en el que el kirchnerismo tendr\u00e1 mayor\u00eda. La sesi\u00f3n preparatoria arranc\u00f3 antes del mediod\u00eda en el recinto de Diputados, a donde se presentaron los legisladores electos&hellip;<\/p>\n","protected":false},"author":1,"featured_media":0,"comment_status":"open","ping_status":"open","sticky":false,"template":"","format":"standard","meta":{"footnotes":""},"categories":[13],"tags":[1377,9415,9413,679,588,9414],"class_list":["post-19293","post","type-post","status-publish","format-standard","hentry","category-politica","tag-diputados","tag-julian-dominguez","tag-jura","tag-kirchnerismo","tag-legisladores","tag-parlamentario"],"_links":{"self":[{"href":"https:\/\/www.elsindical.com.ar\/notas\/wp-json\/wp\/v2\/posts\/19293","targetHints":{"allow":["GET"]}}],"collection":[{"href":"https:\/\/www.elsindical.com.ar\/notas\/wp-json\/wp\/v2\/posts"}],"about":[{"href":"https:\/\/www.elsindical.com.ar\/notas\/wp-json\/wp\/v2\/types\/post"}],"author":[{"embeddable":true,"href":"https:\/\/www.elsindical.com.ar\/notas\/wp-json\/wp\/v2\/users\/1"}],"replies":[{"embeddable":true,"href":"https:\/\/www.elsindical.com.ar\/notas\/wp-json\/wp\/v2\/comments?post=19293"}],"version-history":[{"count":2,"href":"https:\/\/www.elsindical.com.ar\/notas\/wp-json\/wp\/v2\/posts\/19293\/revisions"}],"predecessor-version":[{"id":19296,"href":"https:\/\/www.elsindical.com.ar\/notas\/wp-json\/wp\/v2\/posts\/19293\/revisions\/19296"}],"wp:attachment":[{"href":"https:\/\/www.elsindical.com.ar\/notas\/wp-json\/wp\/v2\/media?parent=19293"}],"wp:term":[{"taxonomy":"category","embeddable":true,"href":"https:\/\/www.elsindical.com.ar\/notas\/wp-json\/wp\/v2\/categories?post=19293"},{"taxonomy":"post_tag","embeddable":true,"href":"https:\/\/www.elsindical.com.ar\/notas\/wp-json\/wp\/v2\/tags?post=19293"}],"curies":[{"name":"wp","href":"https:\/\/api.w.org\/{rel}","templated":true}]}}