{"id":19267,"date":"2011-12-05T09:48:46","date_gmt":"2011-12-05T12:48:46","guid":{"rendered":"http:\/\/www.elsindical.com.ar\/notas\/?p=19267"},"modified":"2011-12-05T09:48:46","modified_gmt":"2011-12-05T12:48:46","slug":"san-isidroasesinan-a-un-colectivero-de-la-linea-71-de-un-disparo-en-la-nuca","status":"publish","type":"post","link":"https:\/\/www.elsindical.com.ar\/notas\/san-isidroasesinan-a-un-colectivero-de-la-linea-71-de-un-disparo-en-la-nuca\/","title":{"rendered":"San Isidro:Asesinan a un colectivero de la l\u00ednea 71 de un disparo en la nuca"},"content":{"rendered":"<div id=\"bajada\" style=\"text-align: justify;\">\n<p><em><a href=\"http:\/\/www.elsindical.com.ar\/notas\/var\/www\/html\/notas\/wp-content\/uploads\/2011\/12\/colectivo-l\u00ednea-71.jpg\"><img loading=\"lazy\" decoding=\"async\" class=\"alignleft size-medium wp-image-19268\" title=\"colectivo-l\u00ednea-71\" src=\"http:\/\/www.elsindical.com.ar\/notas\/var\/www\/html\/notas\/wp-content\/uploads\/2011\/12\/colectivo-l\u00ednea-71-300x224.jpg\" alt=\"\" width=\"300\" height=\"224\" srcset=\"https:\/\/www.elsindical.com.ar\/notas\/var\/www\/html\/notas\/wp-content\/uploads\/2011\/12\/colectivo-l\u00ednea-71-300x224.jpg 300w, https:\/\/www.elsindical.com.ar\/notas\/var\/www\/html\/notas\/wp-content\/uploads\/2011\/12\/colectivo-l\u00ednea-71.jpg 325w\" sizes=\"auto, (max-width: 300px) 100vw, 300px\" \/><\/a>Un hombre perdi\u00f3 la vida luego de haber sido baleado en la nuca por un grupo de delincuentes que ingres\u00f3 a robar dentro de la unidad que conduc\u00eda.<\/em><\/p>\n<\/div>\n<div id=\"texto\" style=\"text-align: justify;\">\n<p>Un colectivero de la l\u00ednea 71 fue asesinado de un balazo en la nuca, en la localidad bonaerense de Villa Adelina, partido de San Isidro, en un intento de asalto, informaron fuentes policiales.<\/p>\n<p>Seg\u00fan se supo, el hecho ocurri\u00f3 esta madrugada, cerca de las 04:00 hs.\u00a0de la ma\u00f1ana cuando la v\u00edctima identificada como <strong>Dar\u00edo Manuel Gonz\u00e1lez<\/strong>, de 43 a\u00f1os, muri\u00f3 de un balazo en la nuca, en un presunto intento de robo, en el momento que llegaba a su casa ubicada en la calle El Indio al 1784, en Villa Adelina.<\/p>\n<p>All\u00ed, un hombre escuch\u00f3 varios disparos y al salir se dio cuenta que se trataba de su hijo. Estaba tendido en el piso con un disparo en la nuca. Tras llamar al servicio de emergencia, la v\u00edctima fue trasladada al hospital Municipal de San Mart\u00edn donde finalmente muri\u00f3.<\/p>\n<p>A ra\u00edz del hecho, los compa\u00f1eros de la v\u00edctima de la empresa 71 iniciaron un paro en reclamo de seguridad, en el play\u00f3n de 9 de julio al 4045, en Carapachay, frente a la estaci\u00f3n de trenes del ferrocarril Belgrano de Villa Adelina.<\/p>\n<\/div>\n","protected":false},"excerpt":{"rendered":"<p>Un hombre perdi\u00f3 la vida luego de haber sido baleado en la nuca por un grupo de delincuentes que ingres\u00f3 a robar dentro de la unidad que conduc\u00eda. Un colectivero de la l\u00ednea 71 fue asesinado de un balazo en la nuca, en la localidad bonaerense de Villa Adelina, partido de San Isidro, en un&hellip;<\/p>\n","protected":false},"author":1,"featured_media":0,"comment_status":"open","ping_status":"open","sticky":false,"template":"","format":"standard","meta":{"footnotes":""},"categories":[22],"tags":[363,1740,9402,388,67,116,40,5902],"class_list":["post-19267","post","type-post","status-publish","format-standard","hentry","category-policiales","tag-asesinato","tag-colectivero","tag-dario-manuel-gonzalez","tag-disparo","tag-paro","tag-robo","tag-san-isidro","tag-villa-adelina"],"_links":{"self":[{"href":"https:\/\/www.elsindical.com.ar\/notas\/wp-json\/wp\/v2\/posts\/19267","targetHints":{"allow":["GET"]}}],"collection":[{"href":"https:\/\/www.elsindical.com.ar\/notas\/wp-json\/wp\/v2\/posts"}],"about":[{"href":"https:\/\/www.elsindical.com.ar\/notas\/wp-json\/wp\/v2\/types\/post"}],"author":[{"embeddable":true,"href":"https:\/\/www.elsindical.com.ar\/notas\/wp-json\/wp\/v2\/users\/1"}],"replies":[{"embeddable":true,"href":"https:\/\/www.elsindical.com.ar\/notas\/wp-json\/wp\/v2\/comments?post=19267"}],"version-history":[{"count":1,"href":"https:\/\/www.elsindical.com.ar\/notas\/wp-json\/wp\/v2\/posts\/19267\/revisions"}],"predecessor-version":[{"id":19269,"href":"https:\/\/www.elsindical.com.ar\/notas\/wp-json\/wp\/v2\/posts\/19267\/revisions\/19269"}],"wp:attachment":[{"href":"https:\/\/www.elsindical.com.ar\/notas\/wp-json\/wp\/v2\/media?parent=19267"}],"wp:term":[{"taxonomy":"category","embeddable":true,"href":"https:\/\/www.elsindical.com.ar\/notas\/wp-json\/wp\/v2\/categories?post=19267"},{"taxonomy":"post_tag","embeddable":true,"href":"https:\/\/www.elsindical.com.ar\/notas\/wp-json\/wp\/v2\/tags?post=19267"}],"curies":[{"name":"wp","href":"https:\/\/api.w.org\/{rel}","templated":true}]}}