{"id":19263,"date":"2011-12-05T09:41:33","date_gmt":"2011-12-05T12:41:33","guid":{"rendered":"http:\/\/www.elsindical.com.ar\/notas\/?p=19263"},"modified":"2011-12-05T09:41:33","modified_gmt":"2011-12-05T12:41:33","slug":"protesta-de-empleados-del-subte-de-la-linea-b","status":"publish","type":"post","link":"https:\/\/www.elsindical.com.ar\/notas\/protesta-de-empleados-del-subte-de-la-linea-b\/","title":{"rendered":"Protesta de empleados del subte de la l\u00ednea B"},"content":{"rendered":"<p style=\"text-align: justify;\"><em><a href=\"http:\/\/www.elsindical.com.ar\/notas\/var\/www\/html\/notas\/wp-content\/uploads\/2011\/12\/carga-SUBE-subte.jpg\"><img loading=\"lazy\" decoding=\"async\" class=\"alignleft size-medium wp-image-19264\" title=\"carga-SUBE-subte\" src=\"http:\/\/www.elsindical.com.ar\/notas\/var\/www\/html\/notas\/wp-content\/uploads\/2011\/12\/carga-SUBE-subte-300x225.jpg\" alt=\"\" width=\"300\" height=\"225\" srcset=\"https:\/\/www.elsindical.com.ar\/notas\/var\/www\/html\/notas\/wp-content\/uploads\/2011\/12\/carga-SUBE-subte-300x225.jpg 300w, https:\/\/www.elsindical.com.ar\/notas\/var\/www\/html\/notas\/wp-content\/uploads\/2011\/12\/carga-SUBE-subte.jpg 408w\" sizes=\"auto, (max-width: 300px) 100vw, 300px\" \/><\/a>Se trata de los delegados sindicales de<strong> la L\u00ednea B<\/strong>. Argumentan que la computadora para cargar esa tarjeta \u00ab<strong>tiene las teclas duras y los obliga a tener los brazos extendidos<\/strong>\u00ab. <strong>Liberan los molinetes para los usuarios que usen ese medio de pago<\/strong>. La protesta lleg\u00f3 a ser criticada por la presidente Cristina Kirchner en reclamos anteriores.<\/em><\/p>\n<p style=\"text-align: justify;\"><strong>Los boleteros de todas las estaciones de la l\u00ednea B de subtes no recargaban esta ma\u00f1ana las tarjetas SUBE y Subtecard en reclamo de nuevas m\u00e1quinas para efectuar la tarea porque, seg\u00fan denunciaron, las actuales provocan \u00abdolencias\u00bb a los empleados.<\/strong><\/p>\n<p style=\"text-align: justify;\">La delegada de los boleteros,<strong> Agustina Ionno<\/strong>, se\u00f1al\u00f3 que los empleados trabajaban \u00aba reglamento\u00bb, lo que obligaba a los pasajeros que no tuvieran cr\u00e9dito en sus tarjetas a adquirir los pases individuales de cart\u00f3n.<\/p>\n<p style=\"text-align: justify;\">Entre las 6 y las 7, los pasajeros que no ten\u00edan cr\u00e9dito viajaron sin pagar boleto.<\/p>\n<p style=\"text-align: justify;\">En las ventanillas de las boleter\u00edas, los empleados colocaron carteles con la leyenda \u00ab<strong>Metrov\u00edas no cumple con su compromiso<\/strong>. M\u00e1s de 90 d\u00edas esperando que incorpore: emisi\u00f3n de tickets para carga m\u00e1s segura, m\u00e1s personal para un servicio m\u00e1s \u00e1gil, nuevos posnet para trabajar m\u00e1s saludablemente\u00bb.<\/p>\n<p style=\"text-align: justify;\">En declaraciones a la prensa, Ionno asegur\u00f3 que \u00ab<strong>tenemos un mont\u00f3n de compa\u00f1eros que est\u00e1n sufriendo dolencias a causa de la tarea<\/strong>\u00bb y destac\u00f3 que \u00abno estamos en contra de la tarjeta SUBE\u00bb, sino que reclaman un nuevo aparato para efectuar la recarga.<\/p>\n<p style=\"text-align: justify;\">Tambi\u00e9n, dijo, se exige que cada recarga emita un ticket como factura, \u00abque beneficia a los compa\u00f1eros y a los usuarios porque el sistema est\u00e1 lleno de fallas. Hoy (los pasajeros) no cuentan con comprobante de las recargas\u00bb.<\/p>\n<p style=\"text-align: justify;\">\u00ab<strong>Esperamos que nos convoquen del Ministerio (de Trabajo). Una vez que la tarea est\u00e9 convencionada nosotros volvemos a cargar con normalidad<\/strong>\u00ab, continu\u00f3 la delegada.<\/p>\n<p style=\"text-align: justify;\">Hace tres meses, la presidenta Cristina Kirchner critic\u00f3 las \u00abactitudes ego\u00edstas, insolidarias, impropias\u00bb de los trabajadores del subte que, a modo de protesta, se negaron en ese momento a recargar las tarjetas SUBE porque les provocaba tendinitis.<\/p>\n<p style=\"text-align: justify;\">\u00ab<strong>Vi a mi viejo trabajar en el colectivo, ten\u00eda que sacar boleto por boleto. Labur\u00f3 toda su vida y nunca tuvo tendinitis de nada<\/strong>\u00ab, dispar\u00f3 la jefa del Estado.<\/p>\n","protected":false},"excerpt":{"rendered":"<p>Se trata de los delegados sindicales de la L\u00ednea B. Argumentan que la computadora para cargar esa tarjeta \u00abtiene las teclas duras y los obliga a tener los brazos extendidos\u00ab. Liberan los molinetes para los usuarios que usen ese medio de pago. La protesta lleg\u00f3 a ser criticada por la presidente Cristina Kirchner en reclamos&hellip;<\/p>\n","protected":false},"author":1,"featured_media":0,"comment_status":"open","ping_status":"open","sticky":false,"template":"","format":"standard","meta":{"footnotes":""},"categories":[16],"tags":[4912,512,8186,876,9401,3297,125],"class_list":["post-19263","post","type-post","status-publish","format-standard","hentry","category-gremiales","tag-linea-b","tag-reclamo","tag-sube","tag-subte","tag-subtecard","tag-tarjeta","tag-trabajadores"],"_links":{"self":[{"href":"https:\/\/www.elsindical.com.ar\/notas\/wp-json\/wp\/v2\/posts\/19263","targetHints":{"allow":["GET"]}}],"collection":[{"href":"https:\/\/www.elsindical.com.ar\/notas\/wp-json\/wp\/v2\/posts"}],"about":[{"href":"https:\/\/www.elsindical.com.ar\/notas\/wp-json\/wp\/v2\/types\/post"}],"author":[{"embeddable":true,"href":"https:\/\/www.elsindical.com.ar\/notas\/wp-json\/wp\/v2\/users\/1"}],"replies":[{"embeddable":true,"href":"https:\/\/www.elsindical.com.ar\/notas\/wp-json\/wp\/v2\/comments?post=19263"}],"version-history":[{"count":2,"href":"https:\/\/www.elsindical.com.ar\/notas\/wp-json\/wp\/v2\/posts\/19263\/revisions"}],"predecessor-version":[{"id":19266,"href":"https:\/\/www.elsindical.com.ar\/notas\/wp-json\/wp\/v2\/posts\/19263\/revisions\/19266"}],"wp:attachment":[{"href":"https:\/\/www.elsindical.com.ar\/notas\/wp-json\/wp\/v2\/media?parent=19263"}],"wp:term":[{"taxonomy":"category","embeddable":true,"href":"https:\/\/www.elsindical.com.ar\/notas\/wp-json\/wp\/v2\/categories?post=19263"},{"taxonomy":"post_tag","embeddable":true,"href":"https:\/\/www.elsindical.com.ar\/notas\/wp-json\/wp\/v2\/tags?post=19263"}],"curies":[{"name":"wp","href":"https:\/\/api.w.org\/{rel}","templated":true}]}}