{"id":19230,"date":"2011-12-03T01:35:59","date_gmt":"2011-12-03T04:35:59","guid":{"rendered":"http:\/\/www.elsindical.com.ar\/notas\/?p=19230"},"modified":"2011-12-03T01:35:59","modified_gmt":"2011-12-03T04:35:59","slug":"alerta-por-matias-un-nene-perdido-en-el-barrio-del-abasto","status":"publish","type":"post","link":"https:\/\/www.elsindical.com.ar\/notas\/alerta-por-matias-un-nene-perdido-en-el-barrio-del-abasto\/","title":{"rendered":"Alerta por Mat\u00edas un nene perdido en el barrio del Abasto"},"content":{"rendered":"<p style=\"text-align: justify;\"><em><a href=\"http:\/\/www.elsindical.com.ar\/notas\/var\/www\/html\/notas\/wp-content\/uploads\/2011\/12\/Mat\u00edas-nene-perdido.jpg\"><img loading=\"lazy\" decoding=\"async\" class=\"alignleft size-medium wp-image-19231\" title=\"Mat\u00edas-nene-perdido\" src=\"http:\/\/www.elsindical.com.ar\/notas\/var\/www\/html\/notas\/wp-content\/uploads\/2011\/12\/Mat\u00edas-nene-perdido-243x300.jpg\" alt=\"\" width=\"243\" height=\"300\" srcset=\"https:\/\/www.elsindical.com.ar\/notas\/var\/www\/html\/notas\/wp-content\/uploads\/2011\/12\/Mat\u00edas-nene-perdido-243x300.jpg 243w, https:\/\/www.elsindical.com.ar\/notas\/var\/www\/html\/notas\/wp-content\/uploads\/2011\/12\/Mat\u00edas-nene-perdido.jpg 325w\" sizes=\"auto, (max-width: 243px) 100vw, 243px\" \/><\/a>Tiene 7 a\u00f1os y desapareci\u00f3 cuando iba al colegio, junto a su madre.<\/em><\/p>\n<p style=\"text-align: justify;\">El Consejo de los Derechos de Ni\u00f1as, Ni\u00f1os y Adolescentes del Gobierno de la Ciudad de Buenos Aires, a trav\u00e9s de su Registro de Chicos Perdidos, se encuentra en estado de alerta por la b\u00fasqueda de <strong>Mat\u00edas D\u00edaz, un ni\u00f1o de 7 a\u00f1os<\/strong>, que se perdi\u00f3 hoy cuando se dirig\u00eda a la escuela.<\/p>\n<p style=\"text-align: justify;\">Seg\u00fan inform\u00f3 ese organismo, el ni\u00f1o se perdi\u00f3 en las calles <strong>Per\u00f3n y Anchorena, del barrio del Abasto,<\/strong> cuando se dirig\u00eda en compa\u00f1\u00eda de su madre al\u00a0 colegio.<\/p>\n<p style=\"text-align: justify;\">Mat\u00edas vest\u00eda una musculosa amarilla, pantal\u00f3n azul, una mochila verde con la figura de un personaje de Dragon Ball Zeta y unas zapatillas blancas con rayas azules.<\/p>\n<p style=\"text-align: justify;\">Seg\u00fan las primeras informaciones, el ni\u00f1o habr\u00eda sido visto por \u00faltima vez en la <strong>Plaza Almagro<\/strong> y luego caminando por la calle Sarmiento.<\/p>\n<p style=\"text-align: justify;\">En el caso interviene la Comisaria N\u00b09 de la Polic\u00eda Federal Argentina\u00a0de la Ciudad de Buenos Aires.<\/p>\n","protected":false},"excerpt":{"rendered":"<p>Tiene 7 a\u00f1os y desapareci\u00f3 cuando iba al colegio, junto a su madre. El Consejo de los Derechos de Ni\u00f1as, Ni\u00f1os y Adolescentes del Gobierno de la Ciudad de Buenos Aires, a trav\u00e9s de su Registro de Chicos Perdidos, se encuentra en estado de alerta por la b\u00fasqueda de Mat\u00edas D\u00edaz, un ni\u00f1o de 7&hellip;<\/p>\n","protected":false},"author":1,"featured_media":0,"comment_status":"open","ping_status":"open","sticky":false,"template":"","format":"standard","meta":{"footnotes":""},"categories":[26],"tags":[2126,2448,921,9390,306,1728],"class_list":["post-19230","post","type-post","status-publish","format-standard","hentry","category-solidaridad","tag-alerta","tag-escuela","tag-madre","tag-matias-diaz","tag-nino","tag-perdido"],"_links":{"self":[{"href":"https:\/\/www.elsindical.com.ar\/notas\/wp-json\/wp\/v2\/posts\/19230","targetHints":{"allow":["GET"]}}],"collection":[{"href":"https:\/\/www.elsindical.com.ar\/notas\/wp-json\/wp\/v2\/posts"}],"about":[{"href":"https:\/\/www.elsindical.com.ar\/notas\/wp-json\/wp\/v2\/types\/post"}],"author":[{"embeddable":true,"href":"https:\/\/www.elsindical.com.ar\/notas\/wp-json\/wp\/v2\/users\/1"}],"replies":[{"embeddable":true,"href":"https:\/\/www.elsindical.com.ar\/notas\/wp-json\/wp\/v2\/comments?post=19230"}],"version-history":[{"count":2,"href":"https:\/\/www.elsindical.com.ar\/notas\/wp-json\/wp\/v2\/posts\/19230\/revisions"}],"predecessor-version":[{"id":19233,"href":"https:\/\/www.elsindical.com.ar\/notas\/wp-json\/wp\/v2\/posts\/19230\/revisions\/19233"}],"wp:attachment":[{"href":"https:\/\/www.elsindical.com.ar\/notas\/wp-json\/wp\/v2\/media?parent=19230"}],"wp:term":[{"taxonomy":"category","embeddable":true,"href":"https:\/\/www.elsindical.com.ar\/notas\/wp-json\/wp\/v2\/categories?post=19230"},{"taxonomy":"post_tag","embeddable":true,"href":"https:\/\/www.elsindical.com.ar\/notas\/wp-json\/wp\/v2\/tags?post=19230"}],"curies":[{"name":"wp","href":"https:\/\/api.w.org\/{rel}","templated":true}]}}