{"id":19185,"date":"2011-11-30T21:53:42","date_gmt":"2011-12-01T00:53:42","guid":{"rendered":"http:\/\/www.elsindical.com.ar\/notas\/?p=19185"},"modified":"2011-11-30T21:53:42","modified_gmt":"2011-12-01T00:53:42","slug":"diputados-aprobo-en-general-el-proyecto-de-ley-que-contempla-la-muerte-digna","status":"publish","type":"post","link":"https:\/\/www.elsindical.com.ar\/notas\/diputados-aprobo-en-general-el-proyecto-de-ley-que-contempla-la-muerte-digna\/","title":{"rendered":"Diputados aprob\u00f3 en general el proyecto de ley que contempla la muerte digna"},"content":{"rendered":"<p><a href=\"http:\/\/www.elsindical.com.ar\/notas\/var\/www\/html\/notas\/wp-content\/uploads\/2010\/04\/C\u00e1mara-de-diputados1.jpg\"><img loading=\"lazy\" decoding=\"async\" class=\"alignleft size-full wp-image-5750\" title=\"C\u00e1mara-de-diputados\" src=\"http:\/\/www.elsindical.com.ar\/notas\/var\/www\/html\/notas\/wp-content\/uploads\/2010\/04\/C\u00e1mara-de-diputados1.jpg\" alt=\"\" width=\"255\" height=\"141\" \/><\/a>Por <strong>140 votos a favor y 6 en contra<\/strong>, la C\u00e1mara baja aprob\u00f3 la iniciativa que prev\u00e9 modificar la ley que regula la relaci\u00f3n entre paciente y m\u00e9dico para permitir que <strong>un enfermo terminal rechace que su vida sea prolongada \u00abartificialmente<\/strong>\u00ab. Antes dieron media sanci\u00f3n al proyecto de identidad de g\u00e9nero.<\/p>\n<p>&nbsp;<\/p>\n<p>&nbsp;<\/p>\n","protected":false},"excerpt":{"rendered":"<p>Por 140 votos a favor y 6 en contra, la C\u00e1mara baja aprob\u00f3 la iniciativa que prev\u00e9 modificar la ley que regula la relaci\u00f3n entre paciente y m\u00e9dico para permitir que un enfermo terminal rechace que su vida sea prolongada \u00abartificialmente\u00ab. Antes dieron media sanci\u00f3n al proyecto de identidad de g\u00e9nero. &nbsp; &nbsp;<\/p>\n","protected":false},"author":1,"featured_media":0,"comment_status":"open","ping_status":"open","sticky":false,"template":"","format":"standard","meta":{"footnotes":""},"categories":[13],"tags":[1377,9370,4554,565],"class_list":["post-19185","post","type-post","status-publish","format-standard","hentry","category-politica","tag-diputados","tag-muerte-digna","tag-sancion","tag-votacion"],"_links":{"self":[{"href":"https:\/\/www.elsindical.com.ar\/notas\/wp-json\/wp\/v2\/posts\/19185","targetHints":{"allow":["GET"]}}],"collection":[{"href":"https:\/\/www.elsindical.com.ar\/notas\/wp-json\/wp\/v2\/posts"}],"about":[{"href":"https:\/\/www.elsindical.com.ar\/notas\/wp-json\/wp\/v2\/types\/post"}],"author":[{"embeddable":true,"href":"https:\/\/www.elsindical.com.ar\/notas\/wp-json\/wp\/v2\/users\/1"}],"replies":[{"embeddable":true,"href":"https:\/\/www.elsindical.com.ar\/notas\/wp-json\/wp\/v2\/comments?post=19185"}],"version-history":[{"count":1,"href":"https:\/\/www.elsindical.com.ar\/notas\/wp-json\/wp\/v2\/posts\/19185\/revisions"}],"predecessor-version":[{"id":19186,"href":"https:\/\/www.elsindical.com.ar\/notas\/wp-json\/wp\/v2\/posts\/19185\/revisions\/19186"}],"wp:attachment":[{"href":"https:\/\/www.elsindical.com.ar\/notas\/wp-json\/wp\/v2\/media?parent=19185"}],"wp:term":[{"taxonomy":"category","embeddable":true,"href":"https:\/\/www.elsindical.com.ar\/notas\/wp-json\/wp\/v2\/categories?post=19185"},{"taxonomy":"post_tag","embeddable":true,"href":"https:\/\/www.elsindical.com.ar\/notas\/wp-json\/wp\/v2\/tags?post=19185"}],"curies":[{"name":"wp","href":"https:\/\/api.w.org\/{rel}","templated":true}]}}