{"id":19147,"date":"2011-11-29T00:52:33","date_gmt":"2011-11-29T03:52:33","guid":{"rendered":"http:\/\/www.elsindical.com.ar\/notas\/?p=19147"},"modified":"2011-11-29T00:52:33","modified_gmt":"2011-11-29T03:52:33","slug":"inglaterraadolescente-con-cancer-pide-ser-%e2%80%9ctema-del-momento%e2%80%9d-antes-de-morir","status":"publish","type":"post","link":"https:\/\/www.elsindical.com.ar\/notas\/inglaterraadolescente-con-cancer-pide-ser-%e2%80%9ctema-del-momento%e2%80%9d-antes-de-morir\/","title":{"rendered":"Inglaterra:Adolescente con c\u00e1ncer pide ser \u201ctema del momento\u201d antes de mor\u00edr"},"content":{"rendered":"<p style=\"text-align: justify;\"><em><a href=\"http:\/\/www.elsindical.com.ar\/notas\/var\/www\/html\/notas\/wp-content\/uploads\/2011\/11\/Alice-Pyne.jpg\"><img loading=\"lazy\" decoding=\"async\" class=\"alignleft size-medium wp-image-19148\" title=\"Alice-Pyne\" src=\"http:\/\/www.elsindical.com.ar\/notas\/var\/www\/html\/notas\/wp-content\/uploads\/2011\/11\/Alice-Pyne-249x300.jpg\" alt=\"\" width=\"249\" height=\"300\" srcset=\"https:\/\/www.elsindical.com.ar\/notas\/var\/www\/html\/notas\/wp-content\/uploads\/2011\/11\/Alice-Pyne-249x300.jpg 249w, https:\/\/www.elsindical.com.ar\/notas\/var\/www\/html\/notas\/wp-content\/uploads\/2011\/11\/Alice-Pyne.jpg 413w\" sizes=\"auto, (max-width: 249px) 100vw, 249px\" \/><\/a>Alice Pyne es una joven inglesa de 15 a\u00f1os de edad residente en Ulverston, Reino Unido, cuyo deseo es ser uno de los temas del momento en Twitter. Hasta aqu\u00ed, podr\u00edamos pensar que es otra de las tantas personas que quieren sobresalir en la red. Pero en ella, este anhelo es bastante particular: Alice est\u00e1 luchando contra un c\u00e1ncer terminal desde hace 4 a\u00f1os, y todo le indica que est\u00e1 perdiendo la batalla.<\/em><\/p>\n<p style=\"text-align: justify;\">En <a href=\"http:\/\/alicepyne.blogspot.com\/\">su blog<\/a>, colg\u00f3 una lista de deseos y metas para realizar de cosas que quiere hacer mientras viva. Una de ellas es la de llegar a ser trending topic (tema del momento) en Twitter, <a href=\"https:\/\/twitter.com\/#!\/search\/%23alicebucketlist\" target=\"_blank\">algo que est\u00e1 intentando bajo la etiqueta #alicebucketlist.<\/a><\/p>\n<p style=\"text-align: justify;\">Pyne, que cumplir\u00e1 los 16 a\u00f1os en diciembre y ya ha adelantado su fiesta debido al temor de que el tratamiento no le permite celebrar la ocasi\u00f3n, public\u00f3 en su bit\u00e1cora otros de los tantos objetivos a cumplir, como tener un iPad morado, nadar entre tiburones, entrenar delfines y conseguir que la gente se registre como donantes de m\u00e9dula.<\/p>\n","protected":false},"excerpt":{"rendered":"<p>Alice Pyne es una joven inglesa de 15 a\u00f1os de edad residente en Ulverston, Reino Unido, cuyo deseo es ser uno de los temas del momento en Twitter. Hasta aqu\u00ed, podr\u00edamos pensar que es otra de las tantas personas que quieren sobresalir en la red. Pero en ella, este anhelo es bastante particular: Alice est\u00e1&hellip;<\/p>\n","protected":false},"author":1,"featured_media":0,"comment_status":"open","ping_status":"open","sticky":false,"template":"","format":"standard","meta":{"footnotes":""},"categories":[18],"tags":[9352,3325,219,899,9353,1624],"class_list":["post-19147","post","type-post","status-publish","format-standard","hentry","category-internacionales","tag-alice-pyne","tag-cancer","tag-facebook","tag-inglesa","tag-reino-unido","tag-twitter"],"_links":{"self":[{"href":"https:\/\/www.elsindical.com.ar\/notas\/wp-json\/wp\/v2\/posts\/19147","targetHints":{"allow":["GET"]}}],"collection":[{"href":"https:\/\/www.elsindical.com.ar\/notas\/wp-json\/wp\/v2\/posts"}],"about":[{"href":"https:\/\/www.elsindical.com.ar\/notas\/wp-json\/wp\/v2\/types\/post"}],"author":[{"embeddable":true,"href":"https:\/\/www.elsindical.com.ar\/notas\/wp-json\/wp\/v2\/users\/1"}],"replies":[{"embeddable":true,"href":"https:\/\/www.elsindical.com.ar\/notas\/wp-json\/wp\/v2\/comments?post=19147"}],"version-history":[{"count":2,"href":"https:\/\/www.elsindical.com.ar\/notas\/wp-json\/wp\/v2\/posts\/19147\/revisions"}],"predecessor-version":[{"id":19150,"href":"https:\/\/www.elsindical.com.ar\/notas\/wp-json\/wp\/v2\/posts\/19147\/revisions\/19150"}],"wp:attachment":[{"href":"https:\/\/www.elsindical.com.ar\/notas\/wp-json\/wp\/v2\/media?parent=19147"}],"wp:term":[{"taxonomy":"category","embeddable":true,"href":"https:\/\/www.elsindical.com.ar\/notas\/wp-json\/wp\/v2\/categories?post=19147"},{"taxonomy":"post_tag","embeddable":true,"href":"https:\/\/www.elsindical.com.ar\/notas\/wp-json\/wp\/v2\/tags?post=19147"}],"curies":[{"name":"wp","href":"https:\/\/api.w.org\/{rel}","templated":true}]}}