{"id":19079,"date":"2011-11-25T21:03:29","date_gmt":"2011-11-26T00:03:29","guid":{"rendered":"http:\/\/www.elsindical.com.ar\/notas\/?p=19079"},"modified":"2011-11-25T21:03:29","modified_gmt":"2011-11-26T00:03:29","slug":"denuncian-a-meiszner-por-cuentas-en-suiza-e-islas-caiman-por-us12-millones","status":"publish","type":"post","link":"https:\/\/www.elsindical.com.ar\/notas\/denuncian-a-meiszner-por-cuentas-en-suiza-e-islas-caiman-por-us12-millones\/","title":{"rendered":"Denuncian a Meiszner por cuentas en Suiza e Islas Caim\u00e1n por u$s12 millones"},"content":{"rendered":"<p style=\"text-align: justify;\"><em><a href=\"http:\/\/www.elsindical.com.ar\/notas\/var\/www\/html\/notas\/wp-content\/uploads\/2011\/11\/Secretario-Ejecutivo-Meiszn.jpg\"><img loading=\"lazy\" decoding=\"async\" class=\"alignleft size-medium wp-image-19080\" title=\"Secretario-Ejecutivo-Meiszn\" src=\"http:\/\/www.elsindical.com.ar\/notas\/var\/www\/html\/notas\/wp-content\/uploads\/2011\/11\/Secretario-Ejecutivo-Meiszn-300x225.jpg\" alt=\"\" width=\"300\" height=\"225\" srcset=\"https:\/\/www.elsindical.com.ar\/notas\/var\/www\/html\/notas\/wp-content\/uploads\/2011\/11\/Secretario-Ejecutivo-Meiszn-300x225.jpg 300w, https:\/\/www.elsindical.com.ar\/notas\/var\/www\/html\/notas\/wp-content\/uploads\/2011\/11\/Secretario-Ejecutivo-Meiszn.jpg 413w\" sizes=\"auto, (max-width: 300px) 100vw, 300px\" \/><\/a>El secretario ejecutivo de la AFA y mano derecha de <strong>Julio Grondona<\/strong> qued\u00f3 en la mira de la Justicia tras una denuncia por tres cuentas no declaradas en el exterior. De acuerdo al escrito presentado, dos fueron localizadas en bancos suizos y la restante en <strong>Islas Caim\u00e1n<\/strong>. El Juez <strong>Canicoba Corral<\/strong> est\u00e1 a cargo de la causa.<\/em><\/p>\n<p style=\"text-align: justify;\">De acuerdo a la denuncia, dos de las cuentas que est\u00e1n en la mira de la Justicia pertenecen a la firma <strong>Lanfar Investment Trust Inc<\/strong>. La que m\u00e1s fondos tiene acumula <strong>7.681.701 d\u00f3lares<\/strong> y fue abierta en noviembre de 2007 en el <strong>Caledonian Bank Limited<\/strong> de <strong>Islas Caim\u00e1n<\/strong>, una isla del Reino Unido que se encuentra en El Caribe.<\/p>\n<p style=\"text-align: justify;\">La otra cuenta a nombre de esta empresa est\u00e1 radicada en el <strong>Banque Bruxelles Lambert S.A.<\/strong> de Suiza con <strong>3.481.008,02 d\u00f3lares<\/strong> y dep\u00f3sitos fiduciarios por otros <strong>2.188.000<\/strong>. Tambi\u00e9n fue abierta en noviembre de 2007.<\/p>\n<p style=\"text-align: justify;\">La tercera cuenta est\u00e1 a nombre de la empresa <strong>Morrison Corp. Ltd<\/strong>. , en el <strong>Bank VONTOBEL<\/strong> de Lugano, Suiza. Tiene fondos por <strong>1.083.266,19 d\u00f3lares. <\/strong><\/p>\n<p style=\"text-align: justify;\">Una de las personas autorizadas para operar las tres cuentas es <strong>Mark Karell<\/strong>, un extranjero que se sospecha que estar\u00eda encargado de manejar los fondos de Meiszner en el exterior, seg\u00fan inform\u00f3 el diario\u00a0<em>Libre<\/em>.<\/p>\n<p style=\"text-align: justify;\">La denuncia no s\u00f3lo implica a la mano derecha de Grondona, su hijo, <strong>Andr\u00e9s Meiszner<\/strong>, actualmente a cargo de la direcci\u00f3n del <strong>Registro Nacional de Armas<\/strong>, tambi\u00e9n figura entre los implicados.<\/p>\n","protected":false},"excerpt":{"rendered":"<p>El secretario ejecutivo de la AFA y mano derecha de Julio Grondona qued\u00f3 en la mira de la Justicia tras una denuncia por tres cuentas no declaradas en el exterior. De acuerdo al escrito presentado, dos fueron localizadas en bancos suizos y la restante en Islas Caim\u00e1n. El Juez Canicoba Corral est\u00e1 a cargo de&hellip;<\/p>\n","protected":false},"author":1,"featured_media":0,"comment_status":"open","ping_status":"open","sticky":false,"template":"","format":"standard","meta":{"footnotes":""},"categories":[6],"tags":[1961,9322,9319,9318,1451,175,7913,9317,2181,9321,3305,9320,9323],"class_list":["post-19079","post","type-post","status-publish","format-standard","hentry","category-denuncias","tag-afa","tag-andres-meiszner","tag-banque-bruxelles-lambert-s-a","tag-caledonian-bank-limited","tag-corrupcion","tag-denuncia","tag-islas-caiman","tag-juez-federal-canicoba-corral","tag-julio-grondona","tag-mark-karell","tag-millones","tag-morrison-corp-ltd","tag-renar"],"_links":{"self":[{"href":"https:\/\/www.elsindical.com.ar\/notas\/wp-json\/wp\/v2\/posts\/19079","targetHints":{"allow":["GET"]}}],"collection":[{"href":"https:\/\/www.elsindical.com.ar\/notas\/wp-json\/wp\/v2\/posts"}],"about":[{"href":"https:\/\/www.elsindical.com.ar\/notas\/wp-json\/wp\/v2\/types\/post"}],"author":[{"embeddable":true,"href":"https:\/\/www.elsindical.com.ar\/notas\/wp-json\/wp\/v2\/users\/1"}],"replies":[{"embeddable":true,"href":"https:\/\/www.elsindical.com.ar\/notas\/wp-json\/wp\/v2\/comments?post=19079"}],"version-history":[{"count":1,"href":"https:\/\/www.elsindical.com.ar\/notas\/wp-json\/wp\/v2\/posts\/19079\/revisions"}],"predecessor-version":[{"id":19081,"href":"https:\/\/www.elsindical.com.ar\/notas\/wp-json\/wp\/v2\/posts\/19079\/revisions\/19081"}],"wp:attachment":[{"href":"https:\/\/www.elsindical.com.ar\/notas\/wp-json\/wp\/v2\/media?parent=19079"}],"wp:term":[{"taxonomy":"category","embeddable":true,"href":"https:\/\/www.elsindical.com.ar\/notas\/wp-json\/wp\/v2\/categories?post=19079"},{"taxonomy":"post_tag","embeddable":true,"href":"https:\/\/www.elsindical.com.ar\/notas\/wp-json\/wp\/v2\/tags?post=19079"}],"curies":[{"name":"wp","href":"https:\/\/api.w.org\/{rel}","templated":true}]}}