{"id":19032,"date":"2011-11-24T13:50:03","date_gmt":"2011-11-24T16:50:03","guid":{"rendered":"http:\/\/www.elsindical.com.ar\/notas\/?p=19032"},"modified":"2011-11-24T13:50:03","modified_gmt":"2011-11-24T16:50:03","slug":"juicio-oral-para-el-parapentista-que-sobrevolo-el-centro-porteno","status":"publish","type":"post","link":"https:\/\/www.elsindical.com.ar\/notas\/juicio-oral-para-el-parapentista-que-sobrevolo-el-centro-porteno\/","title":{"rendered":"Juicio oral para el parapentista que sobrevol\u00f3 el centro porte\u00f1o"},"content":{"rendered":"<p style=\"text-align: justify;\"><em><a href=\"http:\/\/www.elsindical.com.ar\/notas\/var\/www\/html\/notas\/wp-content\/uploads\/2011\/11\/piloto-parapente.jpg\"><img loading=\"lazy\" decoding=\"async\" class=\"alignleft size-medium wp-image-19033\" title=\"piloto-parapente\" src=\"http:\/\/www.elsindical.com.ar\/notas\/var\/www\/html\/notas\/wp-content\/uploads\/2011\/11\/piloto-parapente-300x225.jpg\" alt=\"\" width=\"300\" height=\"225\" srcset=\"https:\/\/www.elsindical.com.ar\/notas\/var\/www\/html\/notas\/wp-content\/uploads\/2011\/11\/piloto-parapente-300x225.jpg 300w, https:\/\/www.elsindical.com.ar\/notas\/var\/www\/html\/notas\/wp-content\/uploads\/2011\/11\/piloto-parapente.jpg 413w\" sizes=\"auto, (max-width: 300px) 100vw, 300px\" \/><\/a>Hern\u00e1n Javier Pitocco, conocido por volar con un aerodeslizador sobre el cielo de la <strong>Ciudad de Buenos Aires el 27<\/strong> <strong>de abril pasado<\/strong>, deber\u00e1 enfrentar a un Tribunal en los pr\u00f3ximos meses. La C\u00e1mara Federal confirm\u00f3 su procesamiento, al considerar que realiz\u00f3 un <strong>\u00abvuelo temerario\u00bb.<\/strong><\/em><\/p>\n<p style=\"text-align: justify;\">Fuentes judiciales confirmaron\u00a0que la C\u00e1mara Federal confirm\u00f3 el procesamiento del hombre, quien est\u00e1 acusado por la figura del art\u00edculo <strong>190 del C\u00f3digo Penal,<\/strong> que estipula una pena de entre dos a ocho a\u00f1os de prisi\u00f3n al \u201cque a sabiendas ejecutare cualquier acto que ponga en peligro la seguridad de una nave, construcci\u00f3n flotante o aeronave\u201d.<\/p>\n<p style=\"text-align: justify;\">Pitocco tuvo su momento de fama al sobrevolar el Obelisco, el teatro Col\u00f3n para aterrizar en el Puente dela Mujer, en Puerto Madero, donde fue detenido por Prefectura Naval. Al ser interrogado, el acusado, de 32 a\u00f1os dijo que ese vuelo lo hizo para promocionar una bebida energizante.Parala C\u00e1mara, Pitocco gener\u00f3 un \u201cpeligro\u201d.<\/p>\n<p style=\"text-align: justify;\">\u201cNo cabe sino considerar que acierta la magistrada de la anterior instancia que, tanto desde la perspectiva que brinda el sentido com\u00fan, como al citar el informe quela <strong>Administraci\u00f3n Nacional de Aviaci\u00f3n Civil<\/strong> brind\u00f3 al respecto, dio cuenta de que la conducta de Pitocco gener\u00f3 el concreto peligro requerido por la figura en an\u00e1lisis\u201d, dice el fallo dela Sala I de la C\u00e1mara.<\/p>\n<p style=\"text-align: justify;\">\u201cTanto la distracci\u00f3n que pudo haber causado en los automovilistas que circulaban por la avenida 9 de Julio, como por los l\u00edmites propios del aerodeslizador, en tanto su liviana estructura podr\u00eda quedar a merced de los vientos, que a baja altura y por el encauzamiento de su flujo por las edificaciones circundantes, son cambiantes, arrachados y de muy dif\u00edcil predicci\u00f3n\u201d.<\/p>\n<p style=\"text-align: justify;\">Seg\u00fan la resoluci\u00f3n, un informe dela <strong>Administraci\u00f3n Nacional de Aviaci\u00f3n Civil<\/strong> que consta en la causa dice que \u201cel piloto del aerodeslizador realiz\u00f3 un vuelo temerario en una zona densamente poblada\u201d y que tuvo un \u201cdesprecio no s\u00f3lo de su vida, sino la de terceros\u201d.<\/p>\n","protected":false},"excerpt":{"rendered":"<p>Hern\u00e1n Javier Pitocco, conocido por volar con un aerodeslizador sobre el cielo de la Ciudad de Buenos Aires el 27 de abril pasado, deber\u00e1 enfrentar a un Tribunal en los pr\u00f3ximos meses. La C\u00e1mara Federal confirm\u00f3 su procesamiento, al considerar que realiz\u00f3 un \u00abvuelo temerario\u00bb. Fuentes judiciales confirmaron\u00a0que la C\u00e1mara Federal confirm\u00f3 el procesamiento del&hellip;<\/p>\n","protected":false},"author":1,"featured_media":0,"comment_status":"open","ping_status":"open","sticky":false,"template":"","format":"standard","meta":{"footnotes":""},"categories":[20],"tags":[9292,1341,9293,516,9291,311,9294],"class_list":["post-19032","post","type-post","status-publish","format-standard","hentry","category-judiciales","tag-cielo-porteno","tag-ciudad-de-buenos-aires","tag-hernan-javier-pitocco","tag-juicio-oral","tag-parapente","tag-piloto","tag-volar"],"_links":{"self":[{"href":"https:\/\/www.elsindical.com.ar\/notas\/wp-json\/wp\/v2\/posts\/19032","targetHints":{"allow":["GET"]}}],"collection":[{"href":"https:\/\/www.elsindical.com.ar\/notas\/wp-json\/wp\/v2\/posts"}],"about":[{"href":"https:\/\/www.elsindical.com.ar\/notas\/wp-json\/wp\/v2\/types\/post"}],"author":[{"embeddable":true,"href":"https:\/\/www.elsindical.com.ar\/notas\/wp-json\/wp\/v2\/users\/1"}],"replies":[{"embeddable":true,"href":"https:\/\/www.elsindical.com.ar\/notas\/wp-json\/wp\/v2\/comments?post=19032"}],"version-history":[{"count":1,"href":"https:\/\/www.elsindical.com.ar\/notas\/wp-json\/wp\/v2\/posts\/19032\/revisions"}],"predecessor-version":[{"id":19034,"href":"https:\/\/www.elsindical.com.ar\/notas\/wp-json\/wp\/v2\/posts\/19032\/revisions\/19034"}],"wp:attachment":[{"href":"https:\/\/www.elsindical.com.ar\/notas\/wp-json\/wp\/v2\/media?parent=19032"}],"wp:term":[{"taxonomy":"category","embeddable":true,"href":"https:\/\/www.elsindical.com.ar\/notas\/wp-json\/wp\/v2\/categories?post=19032"},{"taxonomy":"post_tag","embeddable":true,"href":"https:\/\/www.elsindical.com.ar\/notas\/wp-json\/wp\/v2\/tags?post=19032"}],"curies":[{"name":"wp","href":"https:\/\/api.w.org\/{rel}","templated":true}]}}