{"id":19010,"date":"2011-11-24T01:54:43","date_gmt":"2011-11-24T04:54:43","guid":{"rendered":"http:\/\/www.elsindical.com.ar\/notas\/?p=19010"},"modified":"2011-11-24T08:41:41","modified_gmt":"2011-11-24T11:41:41","slug":"avellanedadenuncian-que-a-una-alumna-de-15-la-golpearon-otras-alumnas-mayores-y-subieron-el-video-a-internet","status":"publish","type":"post","link":"https:\/\/www.elsindical.com.ar\/notas\/avellanedadenuncian-que-a-una-alumna-de-15-la-golpearon-otras-alumnas-mayores-y-subieron-el-video-a-internet\/","title":{"rendered":"Avellaneda:Denuncian que a una alumna de 15 la golpearon otras alumnas mayores y subieron el video a Internet"},"content":{"rendered":"<div id=\"bajada\" style=\"text-align: justify;\">\n<p><em><a href=\"http:\/\/www.elsindical.com.ar\/notas\/var\/www\/html\/notas\/wp-content\/uploads\/2011\/11\/mam\u00e1-alumna-agredida-escuel.jpg\"><img loading=\"lazy\" decoding=\"async\" class=\"alignleft size-medium wp-image-19011\" title=\"mam\u00e1-alumna-agredida-escuel\" src=\"http:\/\/www.elsindical.com.ar\/notas\/var\/www\/html\/notas\/wp-content\/uploads\/2011\/11\/mam\u00e1-alumna-agredida-escuel-300x193.jpg\" alt=\"\" width=\"300\" height=\"193\" srcset=\"https:\/\/www.elsindical.com.ar\/notas\/var\/www\/html\/notas\/wp-content\/uploads\/2011\/11\/mam\u00e1-alumna-agredida-escuel-300x193.jpg 300w, https:\/\/www.elsindical.com.ar\/notas\/var\/www\/html\/notas\/wp-content\/uploads\/2011\/11\/mam\u00e1-alumna-agredida-escuel.jpg 413w\" sizes=\"auto, (max-width: 300px) 100vw, 300px\" \/><\/a>Una adolescente fue brutalmente atacada en la puerta de la direcci\u00f3n del establecimiento educativo por j\u00f3venes un a\u00f1o m\u00e1s grande que la v\u00edctima. El hecho conmocion\u00f3 a toda la comunidad educativa de Avellaneda.<\/em><\/p>\n<\/div>\n<div id=\"texto\" style=\"text-align: justify;\">\n<p>Una chica de primer a\u00f1o recibi\u00f3 una golpiza por parte de otras adolescentes &#8211; de segundo a\u00f1o &#8211; en la puerta de la Direcci\u00f3n de la Escuela N\u00b0 45 Manuel Belgrano.<\/p>\n<p>La madre de la joven, en declaraciones a <em><strong>Cr\u00f3nica TV<\/strong><\/em>, cont\u00f3 que su hija \u00ab<em>estaba subiendo las escaleras, la agarraron entre varias de los pelos, la tiraron al piso, la otra chica le dice \u00b4qu\u00e9 dijiste de mi\u00b4<\/em>\u00ab. Y agreg\u00f3: \u00ab<em>Despu\u00e9s de que la golpearon aparecieron para separarlas<\/em>\u00ab.<\/p>\n<p>Pensando en los motivos, la madre dijo que \u00ab<em>la patotearon para pegarle y publicarlo, parece que esto es una gracia<\/em>\u00ab.<\/p>\n<p>Con respecto a las sanciones, la Directora inform\u00f3 que la chica que golpe\u00f3 a la joven fue suspendida por dos d\u00edas, inform\u00f3 el sitio <em>LaNoticiaSur.com.ar<\/em>.<\/p>\n<p>Teniendo en cuenta que quedan pocos d\u00edas de clases, la mujer sostuvo que \u00ab<em>no la voy a enviar m\u00e1s a este colegio, por esta situaci\u00f3n agravante se va a tener que ir antes, hoy fue con las manos, ma\u00f1ana puede ser con un cuchillo, tengo miedo de que quieran hacerle un tajo en la cara<\/em>\u00ab.<\/p>\n<p>En horas de la ma\u00f1ana del jueves, madres y padres de otros alumnos, aseguraban que las peleas son diarias, que los hechos ocurrieron a escasos metros de la puerta de la direcci\u00f3n de la escuela, donde\u00a0no hab\u00eda ninguna autoridad, y que los chicos fuman dentro de la escuela y no solo cigarrillos, sino que algunos fuman marihuana.<\/p>\n<\/div>\n","protected":false},"excerpt":{"rendered":"<p>Una adolescente fue brutalmente atacada en la puerta de la direcci\u00f3n del establecimiento educativo por j\u00f3venes un a\u00f1o m\u00e1s grande que la v\u00edctima. El hecho conmocion\u00f3 a toda la comunidad educativa de Avellaneda. Una chica de primer a\u00f1o recibi\u00f3 una golpiza por parte de otras adolescentes &#8211; de segundo a\u00f1o &#8211; en la puerta de&hellip;<\/p>\n","protected":false},"author":1,"featured_media":0,"comment_status":"open","ping_status":"open","sticky":false,"template":"","format":"standard","meta":{"footnotes":""},"categories":[6,1],"tags":[1117,7003,461,814,223,368],"class_list":["post-19010","post","type-post","status-publish","format-standard","hentry","category-denuncias","category-destacadas","tag-agresiones","tag-alumna","tag-avellaneda","tag-internet","tag-menor","tag-video"],"_links":{"self":[{"href":"https:\/\/www.elsindical.com.ar\/notas\/wp-json\/wp\/v2\/posts\/19010","targetHints":{"allow":["GET"]}}],"collection":[{"href":"https:\/\/www.elsindical.com.ar\/notas\/wp-json\/wp\/v2\/posts"}],"about":[{"href":"https:\/\/www.elsindical.com.ar\/notas\/wp-json\/wp\/v2\/types\/post"}],"author":[{"embeddable":true,"href":"https:\/\/www.elsindical.com.ar\/notas\/wp-json\/wp\/v2\/users\/1"}],"replies":[{"embeddable":true,"href":"https:\/\/www.elsindical.com.ar\/notas\/wp-json\/wp\/v2\/comments?post=19010"}],"version-history":[{"count":3,"href":"https:\/\/www.elsindical.com.ar\/notas\/wp-json\/wp\/v2\/posts\/19010\/revisions"}],"predecessor-version":[{"id":19013,"href":"https:\/\/www.elsindical.com.ar\/notas\/wp-json\/wp\/v2\/posts\/19010\/revisions\/19013"}],"wp:attachment":[{"href":"https:\/\/www.elsindical.com.ar\/notas\/wp-json\/wp\/v2\/media?parent=19010"}],"wp:term":[{"taxonomy":"category","embeddable":true,"href":"https:\/\/www.elsindical.com.ar\/notas\/wp-json\/wp\/v2\/categories?post=19010"},{"taxonomy":"post_tag","embeddable":true,"href":"https:\/\/www.elsindical.com.ar\/notas\/wp-json\/wp\/v2\/tags?post=19010"}],"curies":[{"name":"wp","href":"https:\/\/api.w.org\/{rel}","templated":true}]}}