{"id":18963,"date":"2011-11-23T11:08:34","date_gmt":"2011-11-23T14:08:34","guid":{"rendered":"http:\/\/www.elsindical.com.ar\/notas\/?p=18963"},"modified":"2011-11-23T11:08:53","modified_gmt":"2011-11-23T14:08:53","slug":"nokia-despedira-a-17-mil-empleados-como-medida-de-reducir-gastos","status":"publish","type":"post","link":"https:\/\/www.elsindical.com.ar\/notas\/nokia-despedira-a-17-mil-empleados-como-medida-de-reducir-gastos\/","title":{"rendered":"Nokia despedir\u00e1 a 17 mil empleados, como medida de reducir gastos"},"content":{"rendered":"<p style=\"text-align: justify;\"><em><strong><a href=\"http:\/\/www.elsindical.com.ar\/notas\/var\/www\/html\/notas\/wp-content\/uploads\/2011\/11\/empresa-Nokia.jpg\"><img loading=\"lazy\" decoding=\"async\" class=\"alignleft size-medium wp-image-18964\" title=\"empresa-Nokia\" src=\"http:\/\/www.elsindical.com.ar\/notas\/var\/www\/html\/notas\/wp-content\/uploads\/2011\/11\/empresa-Nokia-259x300.jpg\" alt=\"\" width=\"259\" height=\"300\" srcset=\"https:\/\/www.elsindical.com.ar\/notas\/var\/www\/html\/notas\/wp-content\/uploads\/2011\/11\/empresa-Nokia-259x300.jpg 259w, https:\/\/www.elsindical.com.ar\/notas\/var\/www\/html\/notas\/wp-content\/uploads\/2011\/11\/empresa-Nokia.jpg 325w\" sizes=\"auto, (max-width: 259px) 100vw, 259px\" \/><\/a>Los problemas financieros\u00a0de la compa\u00f1\u00eda la obligaron\u00a0a tomar la decisi\u00f3n de reducir\u00a0a m\u00e1s\u00a0del 20% de su personal<\/strong>. De esta manera bajar\u00e1\u00a0su cost\u00f3 operativo en 1.000 millones de euros para hacer frente a la ca\u00edda de las ventas.<\/em><\/p>\n<p style=\"text-align: justify;\">El fabricante de tel\u00e9fonos filand\u00e9s Nokia despedir\u00e1 a 17 mil empleados en todo el mundo, con el objetivo de <strong>reducir en 1.000 millones de euros su costo operativo y as\u00ed poder hacer frente a la ca\u00edda en las ventas.<\/strong><\/p>\n<p style=\"text-align: justify;\">La empresa tiene en todo el planeta 74 mil trabajadores, y con esta \u00abreestructuraci\u00f3n de plantilla\u00bb dejar\u00e1 en la calle a m\u00e1s del 20%. La decisi\u00f3n fue anticipada a principios de a\u00f1o, cuando la compa\u00f1\u00eda dijo que ajustar\u00eda \u00abde forma sustancial\u00bb su plantilla.<\/p>\n<p style=\"text-align: justify;\"><strong>Los despidos se ir\u00e1n conociendo en cada pa\u00eds afectado a medida que Nokia analice con los comit\u00e9s de empresas los l\u00edmites legales nacionales<\/strong>. Con el fin de reducir el impacto de esta medida, la firma estudia lanzar planes de formaci\u00f3n y apoyo a la b\u00fasqueda de empleo para los afectados.<\/p>\n<p style=\"text-align: justify;\">Rajeev Suri, jefe ejecutivo de la compa\u00f1\u00eda, adelant\u00f3 en un comunicado que necesitan mantener la competitividad a largo plazo y optimar los beneficios. En ese sentido, destac\u00f3 que buscar\u00e1n reducir costos y mejorar en materia de calidad.<\/p>\n","protected":false},"excerpt":{"rendered":"<p>Los problemas financieros\u00a0de la compa\u00f1\u00eda la obligaron\u00a0a tomar la decisi\u00f3n de reducir\u00a0a m\u00e1s\u00a0del 20% de su personal. De esta manera bajar\u00e1\u00a0su cost\u00f3 operativo en 1.000 millones de euros para hacer frente a la ca\u00edda de las ventas. El fabricante de tel\u00e9fonos filand\u00e9s Nokia despedir\u00e1 a 17 mil empleados en todo el mundo, con el objetivo&hellip;<\/p>\n","protected":false},"author":1,"featured_media":0,"comment_status":"open","ping_status":"open","sticky":false,"template":"","format":"standard","meta":{"footnotes":""},"categories":[28],"tags":[],"class_list":["post-18963","post","type-post","status-publish","format-standard","hentry","category-empresariales"],"_links":{"self":[{"href":"https:\/\/www.elsindical.com.ar\/notas\/wp-json\/wp\/v2\/posts\/18963","targetHints":{"allow":["GET"]}}],"collection":[{"href":"https:\/\/www.elsindical.com.ar\/notas\/wp-json\/wp\/v2\/posts"}],"about":[{"href":"https:\/\/www.elsindical.com.ar\/notas\/wp-json\/wp\/v2\/types\/post"}],"author":[{"embeddable":true,"href":"https:\/\/www.elsindical.com.ar\/notas\/wp-json\/wp\/v2\/users\/1"}],"replies":[{"embeddable":true,"href":"https:\/\/www.elsindical.com.ar\/notas\/wp-json\/wp\/v2\/comments?post=18963"}],"version-history":[{"count":2,"href":"https:\/\/www.elsindical.com.ar\/notas\/wp-json\/wp\/v2\/posts\/18963\/revisions"}],"predecessor-version":[{"id":18966,"href":"https:\/\/www.elsindical.com.ar\/notas\/wp-json\/wp\/v2\/posts\/18963\/revisions\/18966"}],"wp:attachment":[{"href":"https:\/\/www.elsindical.com.ar\/notas\/wp-json\/wp\/v2\/media?parent=18963"}],"wp:term":[{"taxonomy":"category","embeddable":true,"href":"https:\/\/www.elsindical.com.ar\/notas\/wp-json\/wp\/v2\/categories?post=18963"},{"taxonomy":"post_tag","embeddable":true,"href":"https:\/\/www.elsindical.com.ar\/notas\/wp-json\/wp\/v2\/tags?post=18963"}],"curies":[{"name":"wp","href":"https:\/\/api.w.org\/{rel}","templated":true}]}}