{"id":18960,"date":"2011-11-23T01:30:20","date_gmt":"2011-11-23T04:30:20","guid":{"rendered":"http:\/\/www.elsindical.com.ar\/notas\/?p=18960"},"modified":"2011-11-23T01:30:20","modified_gmt":"2011-11-23T04:30:20","slug":"700-prefectos-y-gendarmes-custodiaran-accesos-a-capital","status":"publish","type":"post","link":"https:\/\/www.elsindical.com.ar\/notas\/700-prefectos-y-gendarmes-custodiaran-accesos-a-capital\/","title":{"rendered":"700 prefectos y gendarmes custodiar\u00e1n accesos a Capital"},"content":{"rendered":"<p><em><a href=\"http:\/\/www.elsindical.com.ar\/notas\/var\/www\/html\/notas\/wp-content\/uploads\/2011\/11\/efectivos-de-Gendarmer\u00eda.jpg\"><img loading=\"lazy\" decoding=\"async\" class=\"alignleft size-medium wp-image-18961\" title=\"efectivos-de-Gendarmer\u00eda\" src=\"http:\/\/www.elsindical.com.ar\/notas\/var\/www\/html\/notas\/wp-content\/uploads\/2011\/11\/efectivos-de-Gendarmer\u00eda-300x225.jpg\" alt=\"\" width=\"300\" height=\"225\" srcset=\"https:\/\/www.elsindical.com.ar\/notas\/var\/www\/html\/notas\/wp-content\/uploads\/2011\/11\/efectivos-de-Gendarmer\u00eda-300x225.jpg 300w, https:\/\/www.elsindical.com.ar\/notas\/var\/www\/html\/notas\/wp-content\/uploads\/2011\/11\/efectivos-de-Gendarmer\u00eda.jpg 413w\" sizes=\"auto, (max-width: 300px) 100vw, 300px\" \/><\/a>El anuncio fue hecho por la ministro de Seguridad de la Naci\u00f3n, Nilda Garr\u00e9. Su misi\u00f3n ser\u00e1 desalentar la comisi\u00f3n de delitos como el robo automotor, pirater\u00eda del asfalto, narcotr\u00e1fico y trata de personas.<\/em><\/p>\n<p>La ministro de Seguridad de la Naci\u00f3n, Nilda Garr\u00e9, inform\u00f3 que unos 700 efectivos de Gendarmer\u00eda Nacional y Prefectura Naval montar\u00e1n 42 puestos fijos de control en todos los accesos a la ciudad de Buenos Aires.<\/p>\n<p>En una conferencia de prensa, Garr\u00e9 explic\u00f3 que el objetivo de estos nuevos operativos es desalentar la comisi\u00f3n de delitos como el robo automotor, pirater\u00eda del asfalto, narcotr\u00e1fico y trata de personas.<\/p>\n<p>\u00abEstamos convencidos que la seguridad no se puede segmentar y dividir la de la provincia y la Capital. Nuestra obligaci\u00f3n es tratar de coordinar esfuerzos para lograr los mejores resultados\u00bb, dijo la ministro.<\/p>\n<p>El anuncio se concret\u00f3 justo minutos despu\u00e9s de que se recrudeciera el conflicto entre la Naci\u00f3n y el gobierno de Mauricio Macri por el traspaso de los subtes.<\/p>\n<p>En la sede de su cartera, Nilda Garr\u00e9 anunci\u00f3 que la incorporaci\u00f3n de 700 agentes de la Prefectura a los l\u00edmites de la ciudad de Buenos Aires y explic\u00f3 ser\u00e1n 42 puestos, de los cuales 17 son los m\u00e1s importantes.<\/p>\n<p>\u00abVan a hacerse operativos de saturaci\u00f3n en forma sorpresiva. Los 42 puestos de control demandaran 700 efectivos de gendarmeria y las ventajas ser\u00e1n controles intensos y permanentes, sin perjuicio de los que ya haga la Polic\u00eda de la provincia y la Federal\u00bb, dijo.<\/p>\n<p>La funcionaria explic\u00f3 que estos controles \u00abtendr\u00e1n caracter\u00edsticas de mucha rigidez\u00bb, y se\u00f1al\u00f3 que implicar\u00e1 \u00abuna mayor presencia de personal<br \/>\nuniformado como factor disuasivo\u00bb.<\/p>\n<p>\u00abVamos a poder de esta manera controlar delitos que comienzan en una jurisdicci\u00f3n y terminan en otra. Principalmente el robo de autos y la pirater\u00eda del asfalto, pero tambi\u00e9n el narcotr\u00e1fico y la trata de personas. Adem\u00e1s se podr\u00e1 identificar a aquellos que tengan pedidos de captura aprovechando estos controles estrictos\u00bb, subray\u00f3.<\/p>\n<p>Tras destacar la b\u00fasqueda del \u00abmejor aprovechamiento posible de los recursos humanos y materiales que tenemos\u00bb, Garre afirm\u00f3 que este nuevo operativo busca reforzar los logros de los operativos Centinela y Cintur\u00f3n Sur.<\/p>\n<p>Destac\u00f3 en ese sentido la cantidad de habitantes de la Capital Federal y el conurbano bonaerense y confi\u00f3 en que se podr\u00e1 \u00abponer una barrera de seguridad entre los ciudadanos\u00bb.<\/p>\n","protected":false},"excerpt":{"rendered":"<p>El anuncio fue hecho por la ministro de Seguridad de la Naci\u00f3n, Nilda Garr\u00e9. Su misi\u00f3n ser\u00e1 desalentar la comisi\u00f3n de delitos como el robo automotor, pirater\u00eda del asfalto, narcotr\u00e1fico y trata de personas. La ministro de Seguridad de la Naci\u00f3n, Nilda Garr\u00e9, inform\u00f3 que unos 700 efectivos de Gendarmer\u00eda Nacional y Prefectura Naval montar\u00e1n&hellip;<\/p>\n","protected":false},"author":1,"featured_media":0,"comment_status":"open","ping_status":"open","sticky":false,"template":"","format":"standard","meta":{"footnotes":""},"categories":[13],"tags":[154,812,811,6674,5366,1013,613],"class_list":["post-18960","post","type-post","status-publish","format-standard","hentry","category-politica","tag-buenos-aires","tag-efectivos","tag-gendarmeria","tag-ministro-de-seguridad","tag-nilda-garre","tag-prefectura","tag-seguridad"],"_links":{"self":[{"href":"https:\/\/www.elsindical.com.ar\/notas\/wp-json\/wp\/v2\/posts\/18960","targetHints":{"allow":["GET"]}}],"collection":[{"href":"https:\/\/www.elsindical.com.ar\/notas\/wp-json\/wp\/v2\/posts"}],"about":[{"href":"https:\/\/www.elsindical.com.ar\/notas\/wp-json\/wp\/v2\/types\/post"}],"author":[{"embeddable":true,"href":"https:\/\/www.elsindical.com.ar\/notas\/wp-json\/wp\/v2\/users\/1"}],"replies":[{"embeddable":true,"href":"https:\/\/www.elsindical.com.ar\/notas\/wp-json\/wp\/v2\/comments?post=18960"}],"version-history":[{"count":1,"href":"https:\/\/www.elsindical.com.ar\/notas\/wp-json\/wp\/v2\/posts\/18960\/revisions"}],"predecessor-version":[{"id":18962,"href":"https:\/\/www.elsindical.com.ar\/notas\/wp-json\/wp\/v2\/posts\/18960\/revisions\/18962"}],"wp:attachment":[{"href":"https:\/\/www.elsindical.com.ar\/notas\/wp-json\/wp\/v2\/media?parent=18960"}],"wp:term":[{"taxonomy":"category","embeddable":true,"href":"https:\/\/www.elsindical.com.ar\/notas\/wp-json\/wp\/v2\/categories?post=18960"},{"taxonomy":"post_tag","embeddable":true,"href":"https:\/\/www.elsindical.com.ar\/notas\/wp-json\/wp\/v2\/tags?post=18960"}],"curies":[{"name":"wp","href":"https:\/\/api.w.org\/{rel}","templated":true}]}}