{"id":18896,"date":"2011-11-21T18:16:23","date_gmt":"2011-11-21T21:16:23","guid":{"rendered":"http:\/\/www.elsindical.com.ar\/notas\/?p=18896"},"modified":"2011-11-21T18:16:23","modified_gmt":"2011-11-21T21:16:23","slug":"la-matanzahallan-cuerpo-dentro-de-bolsa-de-residuos","status":"publish","type":"post","link":"https:\/\/www.elsindical.com.ar\/notas\/la-matanzahallan-cuerpo-dentro-de-bolsa-de-residuos\/","title":{"rendered":"La Matanza:Hallan cuerpo dentro de bolsa de residuos"},"content":{"rendered":"<div id=\"bajada\">\n<p style=\"text-align: justify;\"><em><a href=\"http:\/\/www.elsindical.com.ar\/notas\/var\/www\/html\/notas\/wp-content\/uploads\/2011\/11\/cad\u00e1ver-en-bolsa-de-residuo.jpg\"><img loading=\"lazy\" decoding=\"async\" class=\"alignleft size-medium wp-image-18897\" title=\"cad\u00e1ver-en-bolsa-de-residuo\" src=\"http:\/\/www.elsindical.com.ar\/notas\/var\/www\/html\/notas\/wp-content\/uploads\/2011\/11\/cad\u00e1ver-en-bolsa-de-residuo-300x170.jpg\" alt=\"\" width=\"300\" height=\"170\" srcset=\"https:\/\/www.elsindical.com.ar\/notas\/var\/www\/html\/notas\/wp-content\/uploads\/2011\/11\/cad\u00e1ver-en-bolsa-de-residuo-300x170.jpg 300w, https:\/\/www.elsindical.com.ar\/notas\/var\/www\/html\/notas\/wp-content\/uploads\/2011\/11\/cad\u00e1ver-en-bolsa-de-residuo.jpg 325w\" sizes=\"auto, (max-width: 300px) 100vw, 300px\" \/><\/a>El cuerpo de un hombre de entre 20 y 30 a\u00f1os, fue encontrado en un descampado de La Matanza con dos tiros en la cabeza y el t\u00f3rax. La polic\u00eda no descarta ninguna hip\u00f3tesis, aunque va detr\u00e1s de la pista de que ser\u00eda un ajuste de cuentas.<\/em><\/p>\n<\/div>\n<div id=\"texto\">\n<p style=\"text-align: justify;\">Un hombre, de entre 20 y 30 a\u00f1os, fue asesinado de un balazo en la cabeza y abandonado en calzoncillos dentro de una bolsa pl\u00e1stica de consorcio en un descampado de la localidad bonaerense de Villa Recondo, partido de La Matanza, informaron fuentes policiales.<\/p>\n<p style=\"text-align: justify;\">Las fuentes indicaron que se tratar\u00eda de un ajuste de cuentes, aunque no descartan ninguna hip\u00f3tesis. Tampoco descartaron que el asesinato se haya cometido durante la noche en otro lugar y luego el cad\u00e1ver fue arrojado en el bald\u00edo donde fue encontrado, inform\u00f3 <em>Online-911<\/em>.<\/p>\n<p style=\"text-align: justify;\">El cuerpo fue hallado en la ma\u00f1ana del lunes, alrededor de las 5, dentro de una gran bolsa negra de pl\u00e1stico en un terreno bald\u00edo ubicado en la calle Pintos al 4330, de Villa Recondo.<\/p>\n<p style=\"text-align: justify;\">Las primeras pericias indican que la v\u00edctima presenta una herida de bala en la cabeza y otra en el t\u00f3rax.<\/p>\n<p style=\"text-align: justify;\">Investiga lo ocurrido la comisar\u00eda de la Matanza Noroeste sexta donde se instruyeron actuaciones por \u00ab<em>homicidio<\/em>\u00ab.<\/p>\n<\/div>\n","protected":false},"excerpt":{"rendered":"<p>El cuerpo de un hombre de entre 20 y 30 a\u00f1os, fue encontrado en un descampado de La Matanza con dos tiros en la cabeza y el t\u00f3rax. La polic\u00eda no descarta ninguna hip\u00f3tesis, aunque va detr\u00e1s de la pista de que ser\u00eda un ajuste de cuentas. Un hombre, de entre 20 y 30 a\u00f1os,&hellip;<\/p>\n","protected":false},"author":1,"featured_media":0,"comment_status":"open","ping_status":"open","sticky":false,"template":"","format":"standard","meta":{"footnotes":""},"categories":[22],"tags":[9226,2409,1096,894,1401,30],"class_list":["post-18896","post","type-post","status-publish","format-standard","hentry","category-policiales","tag-bolsa-de-residuo","tag-cadaver","tag-cuerpo","tag-disparos","tag-la-matanza","tag-policia"],"_links":{"self":[{"href":"https:\/\/www.elsindical.com.ar\/notas\/wp-json\/wp\/v2\/posts\/18896","targetHints":{"allow":["GET"]}}],"collection":[{"href":"https:\/\/www.elsindical.com.ar\/notas\/wp-json\/wp\/v2\/posts"}],"about":[{"href":"https:\/\/www.elsindical.com.ar\/notas\/wp-json\/wp\/v2\/types\/post"}],"author":[{"embeddable":true,"href":"https:\/\/www.elsindical.com.ar\/notas\/wp-json\/wp\/v2\/users\/1"}],"replies":[{"embeddable":true,"href":"https:\/\/www.elsindical.com.ar\/notas\/wp-json\/wp\/v2\/comments?post=18896"}],"version-history":[{"count":1,"href":"https:\/\/www.elsindical.com.ar\/notas\/wp-json\/wp\/v2\/posts\/18896\/revisions"}],"predecessor-version":[{"id":18898,"href":"https:\/\/www.elsindical.com.ar\/notas\/wp-json\/wp\/v2\/posts\/18896\/revisions\/18898"}],"wp:attachment":[{"href":"https:\/\/www.elsindical.com.ar\/notas\/wp-json\/wp\/v2\/media?parent=18896"}],"wp:term":[{"taxonomy":"category","embeddable":true,"href":"https:\/\/www.elsindical.com.ar\/notas\/wp-json\/wp\/v2\/categories?post=18896"},{"taxonomy":"post_tag","embeddable":true,"href":"https:\/\/www.elsindical.com.ar\/notas\/wp-json\/wp\/v2\/tags?post=18896"}],"curies":[{"name":"wp","href":"https:\/\/api.w.org\/{rel}","templated":true}]}}