{"id":18894,"date":"2011-11-21T17:50:48","date_gmt":"2011-11-21T20:50:48","guid":{"rendered":"http:\/\/www.elsindical.com.ar\/notas\/?p=18894"},"modified":"2011-11-21T17:50:48","modified_gmt":"2011-11-21T20:50:48","slug":"cayo-la-coartada-del-padrastro-de-tomas-su-novia-declaro-que-no-estuvo-con-el","status":"publish","type":"post","link":"https:\/\/www.elsindical.com.ar\/notas\/cayo-la-coartada-del-padrastro-de-tomas-su-novia-declaro-que-no-estuvo-con-el\/","title":{"rendered":"Cay\u00f3 la coartada del padrastro de Tom\u00e1s: su novia declar\u00f3 que no estuvo con \u00e9l"},"content":{"rendered":"<p style=\"text-align: justify;\"><em><strong><a href=\"http:\/\/www.elsindical.com.ar\/notas\/var\/www\/html\/notas\/wp-content\/uploads\/2011\/11\/Ram\u00f3n-Adalberto-Cuello.jpg\"><img loading=\"lazy\" decoding=\"async\" class=\"alignleft size-medium wp-image-18779\" title=\"Ram\u00f3n-Adalberto-Cuello\" src=\"http:\/\/www.elsindical.com.ar\/notas\/var\/www\/html\/notas\/wp-content\/uploads\/2011\/11\/Ram\u00f3n-Adalberto-Cuello-300x225.jpg\" alt=\"\" width=\"300\" height=\"225\" srcset=\"https:\/\/www.elsindical.com.ar\/notas\/var\/www\/html\/notas\/wp-content\/uploads\/2011\/11\/Ram\u00f3n-Adalberto-Cuello-300x225.jpg 300w, https:\/\/www.elsindical.com.ar\/notas\/var\/www\/html\/notas\/wp-content\/uploads\/2011\/11\/Ram\u00f3n-Adalberto-Cuello.jpg 413w\" sizes=\"auto, (max-width: 300px) 100vw, 300px\" \/><\/a>Mar\u00eda In\u00e9s M\u00e1rquez<\/strong> prest\u00f3 declaraci\u00f3n <strong>testimonial<\/strong> ante el Fiscal del caso. Aclar\u00f3 que el d\u00eda del crimen del ni\u00f1o de 9 a\u00f1os no estuvo con <strong>Adalberto Cuello<\/strong>\u00a0y contradijo as\u00ed la versi\u00f3n dada ante la Justicia por el principal imputado. \u00ab<strong>Yo ese d\u00eda fui a trabajar y nada m\u00e1s. Ten\u00edamos una relaci\u00f3n normal y buena\u00bb, dijo.<\/strong><\/em><\/p>\n<p style=\"text-align: justify;\"><strong>La situaci\u00f3n procesal de Adalberto Cuello se complic\u00f3 este mediod\u00eda<\/strong>. Es que su novia, Mar\u00eda In\u00e9s M\u00e1rquez, declar\u00f3 ante el Fiscal <strong>Javier Ochoaizpuro<\/strong> que el martes pasado, d\u00eda en el que se presume que fue asesinado Tom\u00e1s Santill\u00e1s, ella no estuvo con el imputado durante todo el d\u00eda.<\/p>\n<p style=\"text-align: justify;\"><strong>\u00abYo ese d\u00eda fui a trabajar y nada m\u00e1s<\/strong>\u00ab, aclar\u00f3 la mujer en un breve contacto con los medios, en donde se la pudo ver <strong>visiblemente conmocionada<\/strong>. Su abogado s\u00ed dio m\u00e1s detalles y aclar\u00f3: \u00ab<strong>Mar\u00eda In\u00e9s estuvo el martes en el colegio en donde trabaja, hay mensajes y cruces telef\u00f3nicos en donde surge claramente d\u00f3nde estaba ella y d\u00f3nde estaba Cuello<\/strong>\u00ab.<\/p>\n<p style=\"text-align: justify;\">De ese modo, M\u00e1rquez desminti\u00f3 terminantemente la versi\u00f3n dada por el padrastro de Tom\u00e1s, quien hab\u00eda declarado que se encontraba con su mujer en el momento el que se cree que se cometi\u00f3 el crimen.<\/p>\n<p style=\"text-align: justify;\">El letrado asegur\u00f3 que Mar\u00eda In\u00e9s declar\u00f3 como testigo, ya que no est\u00e1 imputada en la investigaci\u00f3n. \u00ab<strong>Aclar\u00f3 todo lo que ten\u00eda que aclarar y se puso a disposici\u00f3n de la Justicia<\/strong>\u00ab, explic\u00f3.<\/p>\n<p style=\"text-align: justify;\">Y continu\u00f3: <strong>\u00abNo creo que pase nada con ella. Sus dichos dejaron m\u00e1s firme la imputaci\u00f3n contra Cuello y tira abajo su coartada. Lo que pas\u00f3, que fue lo que declar\u00f3 Mar\u00eda In\u00e9s hoy, no tiene nada que ver con lo que dijo Cuello; el actu\u00f3 solo y esto est\u00e1 claro\u00bb.<\/strong><\/p>\n<p style=\"text-align: justify;\"><strong>La investigaci\u00f3n<\/strong><\/p>\n<p style=\"text-align: justify;\">Ayer, tras entrevistar a un ciudadano se estableci\u00f3 por sus dichos que el viernes \u00faltimo, mientras realizaba tareas de corte de pasto del lateral del circuito del Auto Moto Club Lincoln, hab\u00eda hallado junto a unas cubiertas de contenci\u00f3n, una pala de punta, de ca\u00f1o en su totalidad, de 1,10 mts de longitud con restos de pintura naranja, la cual pose\u00eda en la habitaci\u00f3n que ocupa y de donde se procedi\u00f3 a su incautaci\u00f3n, seg\u00fan indicaron las fuentes.<\/p>\n<p style=\"text-align: justify;\">Por indicaciones del mismo testigo sobre el lugar donde hab\u00eda desarrollado esas tareas, en la cuneta de una calle vecinal sin denominaci\u00f3n situada entre el acceso Mart\u00edn Recalde y calle Brown, por debajo de tierra removida y rodeada de pastizales, se hall\u00f3 un guardapolvo, de marca visible Arciel, con escarapela en solapa, talle ocho, de color blanco.<\/p>\n<p style=\"text-align: justify;\">Continuando con las tareas de b\u00fasqueda, en una franja delimitada por las cubiertas de contenci\u00f3n del mencionado circuito y el alambrado perimetral que linda con la calle vecinal, al revisar las cubiertas apiladas, en la parte superior de una de las formaciones de neum\u00e1ticos, fue hallada una mochila color rojo, con dibujo de \u00abPower Rangers\u00bb, perteneciente al menor Tom\u00e1s Dameno Santill\u00e1n.<\/p>\n<p style=\"text-align: justify;\">Personal de la DDI y de Polic\u00eda Cient\u00edfica pudo identificar la misma no s\u00f3lo por datos aportados por los familiares sino tambi\u00e9n por los \u00fatiles y cuadernos en su interior y por el nombre inscripto en la mochila.<\/p>\n<p style=\"text-align: justify;\">Los elementos fueron recogidos con intervenci\u00f3n de Polic\u00eda Cient\u00edfica.<\/p>\n","protected":false},"excerpt":{"rendered":"<p>Mar\u00eda In\u00e9s M\u00e1rquez prest\u00f3 declaraci\u00f3n testimonial ante el Fiscal del caso. Aclar\u00f3 que el d\u00eda del crimen del ni\u00f1o de 9 a\u00f1os no estuvo con Adalberto Cuello\u00a0y contradijo as\u00ed la versi\u00f3n dada ante la Justicia por el principal imputado. \u00abYo ese d\u00eda fui a trabajar y nada m\u00e1s. Ten\u00edamos una relaci\u00f3n normal y buena\u00bb, dijo.&hellip;<\/p>\n","protected":false},"author":1,"featured_media":0,"comment_status":"open","ping_status":"open","sticky":false,"template":"","format":"standard","meta":{"footnotes":""},"categories":[20],"tags":[9197,363,9223,1991,9224,7748,9225,3116,3988,9173],"class_list":["post-18894","post","type-post","status-publish","format-standard","hentry","category-judiciales","tag-adalberto-cuello","tag-asesinato","tag-coartada","tag-ddi","tag-delantal","tag-junin","tag-maria-ines-marquez","tag-mochila","tag-policia-cientifica","tag-tomas"],"_links":{"self":[{"href":"https:\/\/www.elsindical.com.ar\/notas\/wp-json\/wp\/v2\/posts\/18894","targetHints":{"allow":["GET"]}}],"collection":[{"href":"https:\/\/www.elsindical.com.ar\/notas\/wp-json\/wp\/v2\/posts"}],"about":[{"href":"https:\/\/www.elsindical.com.ar\/notas\/wp-json\/wp\/v2\/types\/post"}],"author":[{"embeddable":true,"href":"https:\/\/www.elsindical.com.ar\/notas\/wp-json\/wp\/v2\/users\/1"}],"replies":[{"embeddable":true,"href":"https:\/\/www.elsindical.com.ar\/notas\/wp-json\/wp\/v2\/comments?post=18894"}],"version-history":[{"count":1,"href":"https:\/\/www.elsindical.com.ar\/notas\/wp-json\/wp\/v2\/posts\/18894\/revisions"}],"predecessor-version":[{"id":18895,"href":"https:\/\/www.elsindical.com.ar\/notas\/wp-json\/wp\/v2\/posts\/18894\/revisions\/18895"}],"wp:attachment":[{"href":"https:\/\/www.elsindical.com.ar\/notas\/wp-json\/wp\/v2\/media?parent=18894"}],"wp:term":[{"taxonomy":"category","embeddable":true,"href":"https:\/\/www.elsindical.com.ar\/notas\/wp-json\/wp\/v2\/categories?post=18894"},{"taxonomy":"post_tag","embeddable":true,"href":"https:\/\/www.elsindical.com.ar\/notas\/wp-json\/wp\/v2\/tags?post=18894"}],"curies":[{"name":"wp","href":"https:\/\/api.w.org\/{rel}","templated":true}]}}