{"id":18874,"date":"2011-11-21T07:25:34","date_gmt":"2011-11-21T10:25:34","guid":{"rendered":"http:\/\/www.elsindical.com.ar\/notas\/?p=18874"},"modified":"2011-11-21T07:25:34","modified_gmt":"2011-11-21T10:25:34","slug":"la-autopsia-revelo-que-tomas-intento-defenderse-de-los-golpes","status":"publish","type":"post","link":"https:\/\/www.elsindical.com.ar\/notas\/la-autopsia-revelo-que-tomas-intento-defenderse-de-los-golpes\/","title":{"rendered":"La autopsia revel\u00f3 que Tom\u00e1s intent\u00f3 defenderse de los golpes"},"content":{"rendered":"<div>\n<p style=\"text-align: justify;\"><em><a href=\"http:\/\/www.elsindical.com.ar\/notas\/var\/www\/html\/notas\/wp-content\/uploads\/2011\/11\/Tom\u00e1s-Dameno-Santill\u00e1n-rost.jpg\"><img loading=\"lazy\" decoding=\"async\" class=\"alignleft size-medium wp-image-18775\" title=\"Tom\u00e1s-Dameno-Santill\u00e1n-rost\" src=\"http:\/\/www.elsindical.com.ar\/notas\/var\/www\/html\/notas\/wp-content\/uploads\/2011\/11\/Tom\u00e1s-Dameno-Santill\u00e1n-rost-300x225.jpg\" alt=\"\" width=\"300\" height=\"225\" srcset=\"https:\/\/www.elsindical.com.ar\/notas\/var\/www\/html\/notas\/wp-content\/uploads\/2011\/11\/Tom\u00e1s-Dameno-Santill\u00e1n-rost-300x225.jpg 300w, https:\/\/www.elsindical.com.ar\/notas\/var\/www\/html\/notas\/wp-content\/uploads\/2011\/11\/Tom\u00e1s-Dameno-Santill\u00e1n-rost.jpg 413w\" sizes=\"auto, (max-width: 300px) 100vw, 300px\" \/><\/a>Tom\u00e1s sufr\u00eda de hidrocefalia, un trastorno cuya principal caracter\u00edstica es la acumulaci\u00f3n excesiva de l\u00edquido en el cerebro. Por ese motivo, siempre intentaba no golpearse. <strong>El cuerpo del ni\u00f1o tiene golpes en los codos y en los antebrazos.<\/strong><\/em>\u00a0<\/p>\n<\/div>\n<div>\n<p style=\"text-align: justify;\">La autopsia realizada al cuerpo de Tom\u00e1s Dameno Santill\u00e1n, el ni\u00f1o asesinado la semana pasada en la localidad bonaerense de Lincoln, determin\u00f3 que el chico intent\u00f3 defenderse de los golpes de su agresor antes de ser asesinado.<\/p>\n<p style=\"text-align: justify;\">Tom\u00e1s naci\u00f3 con hidrocefalia, un trastorno cuya principal caracter\u00edstica es la acumulaci\u00f3n excesiva de l\u00edquido en el cerebro. Por ese motivo, seg\u00fan cuenta el diario <em>Clar\u00edn<\/em>, el ni\u00f1o siempre intentaba de no recibir golpes en la cabeza. Y eso fue lo que intent\u00f3 hacer en el momento que recibi\u00f3 la golpiza mortal. La autopsia revel\u00f3 que el cuerpo ten\u00eda varios golpes en los antebrazos y en los codos.<\/p>\n<p style=\"text-align: justify;\">Un primo de Tom\u00e1s declar\u00f3 ante la Justicia que hab\u00eda visto varias veces a Adalberto Cuello cerca del colegio de Tom\u00e1s. Investigaron judiciales revelaron a un matutino porte\u00f1o que el \u00fanico imputado en la causa no supo explicar qu\u00e9 era lo que estaba haciendo dando vueltas alrededor del instituto educativo.\u00a0<\/p>\n<\/div>\n","protected":false},"excerpt":{"rendered":"<p>Tom\u00e1s sufr\u00eda de hidrocefalia, un trastorno cuya principal caracter\u00edstica es la acumulaci\u00f3n excesiva de l\u00edquido en el cerebro. Por ese motivo, siempre intentaba no golpearse. El cuerpo del ni\u00f1o tiene golpes en los codos y en los antebrazos.\u00a0 La autopsia realizada al cuerpo de Tom\u00e1s Dameno Santill\u00e1n, el ni\u00f1o asesinado la semana pasada en la&hellip;<\/p>\n","protected":false},"author":1,"featured_media":0,"comment_status":"open","ping_status":"open","sticky":false,"template":"","format":"standard","meta":{"footnotes":""},"categories":[20],"tags":[2045,7748,306,120,9174,9173],"class_list":["post-18874","post","type-post","status-publish","format-standard","hentry","category-judiciales","tag-autopsia","tag-junin","tag-nino","tag-pericias","tag-ramon-adalberto-cuello","tag-tomas"],"_links":{"self":[{"href":"https:\/\/www.elsindical.com.ar\/notas\/wp-json\/wp\/v2\/posts\/18874","targetHints":{"allow":["GET"]}}],"collection":[{"href":"https:\/\/www.elsindical.com.ar\/notas\/wp-json\/wp\/v2\/posts"}],"about":[{"href":"https:\/\/www.elsindical.com.ar\/notas\/wp-json\/wp\/v2\/types\/post"}],"author":[{"embeddable":true,"href":"https:\/\/www.elsindical.com.ar\/notas\/wp-json\/wp\/v2\/users\/1"}],"replies":[{"embeddable":true,"href":"https:\/\/www.elsindical.com.ar\/notas\/wp-json\/wp\/v2\/comments?post=18874"}],"version-history":[{"count":1,"href":"https:\/\/www.elsindical.com.ar\/notas\/wp-json\/wp\/v2\/posts\/18874\/revisions"}],"predecessor-version":[{"id":18875,"href":"https:\/\/www.elsindical.com.ar\/notas\/wp-json\/wp\/v2\/posts\/18874\/revisions\/18875"}],"wp:attachment":[{"href":"https:\/\/www.elsindical.com.ar\/notas\/wp-json\/wp\/v2\/media?parent=18874"}],"wp:term":[{"taxonomy":"category","embeddable":true,"href":"https:\/\/www.elsindical.com.ar\/notas\/wp-json\/wp\/v2\/categories?post=18874"},{"taxonomy":"post_tag","embeddable":true,"href":"https:\/\/www.elsindical.com.ar\/notas\/wp-json\/wp\/v2\/tags?post=18874"}],"curies":[{"name":"wp","href":"https:\/\/api.w.org\/{rel}","templated":true}]}}