{"id":18854,"date":"2011-11-20T10:31:55","date_gmt":"2011-11-20T13:31:55","guid":{"rendered":"http:\/\/www.elsindical.com.ar\/notas\/?p=18854"},"modified":"2011-11-20T10:32:14","modified_gmt":"2011-11-20T13:32:14","slug":"la-mayoria-de-las-condenas-se-negocia-sin-la-obligacion-de-ir-a-juicio-oral","status":"publish","type":"post","link":"https:\/\/www.elsindical.com.ar\/notas\/la-mayoria-de-las-condenas-se-negocia-sin-la-obligacion-de-ir-a-juicio-oral\/","title":{"rendered":"La mayor\u00eda de las condenas se negocia sin la obligaci\u00f3n de ir a juicio oral"},"content":{"rendered":"<div>\n<p style=\"text-align: justify;\"><em><a href=\"http:\/\/www.elsindical.com.ar\/notas\/var\/www\/html\/notas\/wp-content\/uploads\/2011\/11\/balanza-justicia.jpg\"><img loading=\"lazy\" decoding=\"async\" class=\"alignleft size-full wp-image-18855\" title=\"balanza-justicia\" src=\"http:\/\/www.elsindical.com.ar\/notas\/var\/www\/html\/notas\/wp-content\/uploads\/2011\/11\/balanza-justicia.jpg\" alt=\"\" width=\"200\" height=\"200\" srcset=\"https:\/\/www.elsindical.com.ar\/notas\/var\/www\/html\/notas\/wp-content\/uploads\/2011\/11\/balanza-justicia.jpg 200w, https:\/\/www.elsindical.com.ar\/notas\/var\/www\/html\/notas\/wp-content\/uploads\/2011\/11\/balanza-justicia-150x150.jpg 150w\" sizes=\"auto, (max-width: 200px) 100vw, 200px\" \/><\/a>El <strong>a\u00f1o pasado el 80%<\/strong> de las sentencias de la Justicia Nacional Penal se dictaron<strong> tras lograrse un acuerdo entre las partes, en un \u201cjuicio abreviado\u201d.<\/strong> Sus defensores afirman que este tipo de pr\u00e1cticas <strong>evitan un colapso,<\/strong> pero sus cr\u00edticos se\u00f1alan que <strong>viola garant\u00edas. Los pol\u00e9micos pactos entre fiscales y acusados<\/strong> tambi\u00e9n est\u00e1n en la mira.<\/em>\u00a0<\/p>\n<\/div>\n<div>\n<p style=\"text-align: justify;\">No todo es como se ve en las pel\u00edculas. En Estados Unidos son muy pocos los casos que llegan a los cinematogr\u00e1ficos juicios por jurados: apenas el 1,5%. La inmensa mayor\u00eda se resuelve antes, a puertas cerradas entre los fiscales y los defensores, que pactan una pena. Y en Argentina pasa m\u00e1s o menos lo mismo.<\/p>\n<p style=\"text-align: justify;\">Seg\u00fan estad\u00edsticas dela Procuraci\u00f3n Generaldela Naci\u00f3n, ocho de cada 10 sentencias dictadas el a\u00f1o pasado por los tribunales penales nacionales se resolvieron sin debate oral y sin escuchar a ning\u00fan testigo, a trav\u00e9s de la figura del \u201cjuicio penal abreviado\u201d.<\/p>\n<p style=\"text-align: justify;\">Este sistema est\u00e1 creciendo en forma constante: en 1998, cuando cumpli\u00f3 un a\u00f1o, la proporci\u00f3n de \u201ctratos\u201d apenas llegaba al 30%. Mientras que entre 2007 y 2010 se dictaron una enorme cantidad de sentencias penales mediante este mecanismo: 10.615.<\/p>\n<p style=\"text-align: justify;\">De acuerdo a los n\u00fameros dela Procuraci\u00f3n(de la que dependen los fiscales), si se suman los tribunales penales ordinarios, federales y penales econ\u00f3micos, entre 2007 y 2010 se dictaron 20.560 sentencias. Y el 69% de ellas (14.236) fueron con juicio penal abreviado.<\/p>\n<p style=\"text-align: justify;\">El sistema existe desde 1997 y el C\u00f3digo Procesal Penal dela Naci\u00f3n (que rige en Capital y en juzgados federales del interior) le permite a los acusados hacer una negociaci\u00f3n para evitar el juicio. A cambio de declararse culpables, acuerdan con la fiscal\u00eda una pena menor a la que potencialmente podr\u00eda corresponderles de ser condenados en un debate oral.<\/p>\n<p style=\"text-align: justify;\">Claro que todo tiene sus l\u00edmites: es necesario que los jueces convaliden este acuerdo y, por lo menos en el caso dela Justicia Nacional (la Justicia bonaerense maneja otra escala) la pena impuesta en el abreviado no puede superar los seis a\u00f1os; no se puede negociar la \u201ccalificaci\u00f3n legal\u201d y tampoco puede aplicarse a delitos para los cuales la ley fija un m\u00ednimo de pena igual o mayor a esos seis a\u00f1os (homicidio simple y secuestro con cobro de rescate, por ejemplo, quedan afuera). Como requisito extra, todos los acusados de la causa tienen que estar de acuerdo en tomar este camino.<\/p>\n<p style=\"text-align: justify;\">\u201cEl \u2018abreviado\u2019 tiene sus pro y sus contras, pero en definitiva es indispensable para que no colapsen los tribunales. Porque si no se aplicara, muchas causas prescribir\u00edan. Otra ventaja es que as\u00ed la fiscal\u00eda se asegura una condena, y si hay varios imputados asegura la condena para todos porque tiene que haber conformidad de todos\u201d, le explic\u00f3 al diario <em>Clar\u00edn<\/em> Adri\u00e1n Marchisio, secretario General de Coordinaci\u00f3n Institucional de la Procuraci\u00f3n.<\/p>\n<p style=\"text-align: justify;\">Si bien el juicio penal abreviado es cosa de todos los d\u00edas en la Justicia, hay magistrados \u00a0que se oponen. Fernando Ni\u00f1o \u2013integrante del Tribunal Oral en lo Penal N\u00b0 20\u2013 es uno de ellos, y seg\u00fan cuenta s\u00f3lo lo acompa\u00f1a en esta postura su colega H\u00e9ctor Magari\u00f1os, del Tribunal Oral N\u00b0 23.<\/p>\n<p style=\"text-align: justify;\">Decir \u2018juicio abreviado\u2019 es un eufemismo, porque eso no es un juicio. El art\u00edculo 18 dela Constituci\u00f3n Nacionalgarantiza que nadie sea condenado sin un juicio previo, y eso implica un proceso donde hay acusaci\u00f3n, defensa, prueba y sentencia. El \u2018abreviado\u2019 es una cosa muy distinta, es un acuerdo, un pacto\u201d, sostiene Ni\u00f1o. Y agrega que en la pr\u00e1ctica \u201cpersonas que llevan a\u00f1os con prisi\u00f3n preventiva sin fecha de debate en vista son presionadas para firmar un \u2018abreviado\u2019 (y declararse culpables) con el anzuelo de que as\u00ed, como ya cumplieron mucho tiempo presos, podr\u00e1n salir en libertad condicional pronto\u201d.<\/p>\n<p style=\"text-align: justify;\">Peri\u00f3dicamente, tambi\u00e9n alguna causa hace resurgir la pol\u00e9mica. Un ejemplo es el caso del psic\u00f3logo Jorge Corsi, involucrado en el abuso sexual de un chico de 13 a\u00f1os.<\/p>\n<p style=\"text-align: justify;\">Su detenci\u00f3n fue un esc\u00e1ndalo, porque era una autoridad reconocida en el tema de abuso sexual infantil. Pero ahora est\u00e1 esperando que el Tribunal Oral en lo Criminal N\u00b0 11 acepte un discreto \u201cabreviado\u201d, declar\u00e1ndose culpable a cambio de una pena de tres a\u00f1os.<\/p>\n<p style=\"text-align: justify;\">Por su parte el peruano Marco Antonio Estrada Gonz\u00e1les, alias \u201cMarcos\u201d y se\u00f1alado como l\u00edder narco de la villa 1-11-14 del Bajo Flores, aguarda que el Tribunal Oral Federal N\u00b0 3 acepte el \u201cabreviado\u201d que pact\u00f3 con la fiscal\u00eda en seis a\u00f1os de prisi\u00f3n, una pena con la cual quedar\u00eda muy cerca de la libertad condicional.<\/p>\n<p style=\"text-align: justify;\">Sin embrago, la negociaci\u00f3n ya fue rechazada el a\u00f1o pasado por el Tribunal N\u00b0 6, que no estuvo de acuerdo en la calificaci\u00f3n que se le hab\u00eda impuesto. Aunque de acuerdo a la ley si el Tribunal N\u00b0 3 tambi\u00e9n se lo rechaza, \u201cMarcos\u201d puede volver a intentarlo una y otra vez.<\/p>\n<\/div>\n","protected":false},"excerpt":{"rendered":"<p>El a\u00f1o pasado el 80% de las sentencias de la Justicia Nacional Penal se dictaron tras lograrse un acuerdo entre las partes, en un \u201cjuicio abreviado\u201d. Sus defensores afirman que este tipo de pr\u00e1cticas evitan un colapso, pero sus cr\u00edticos se\u00f1alan que viola garant\u00edas. Los pol\u00e9micos pactos entre fiscales y acusados tambi\u00e9n est\u00e1n en la&hellip;<\/p>\n","protected":false},"author":1,"featured_media":0,"comment_status":"open","ping_status":"open","sticky":false,"template":"","format":"standard","meta":{"footnotes":""},"categories":[20],"tags":[9203,224,9205,516,9204,9202,821],"class_list":["post-18854","post","type-post","status-publish","format-standard","hentry","category-judiciales","tag-arreglo","tag-condena","tag-juicio-abreviado","tag-juicio-oral","tag-negociacion","tag-pacto","tag-procuracion-general-de-la-nacion"],"_links":{"self":[{"href":"https:\/\/www.elsindical.com.ar\/notas\/wp-json\/wp\/v2\/posts\/18854","targetHints":{"allow":["GET"]}}],"collection":[{"href":"https:\/\/www.elsindical.com.ar\/notas\/wp-json\/wp\/v2\/posts"}],"about":[{"href":"https:\/\/www.elsindical.com.ar\/notas\/wp-json\/wp\/v2\/types\/post"}],"author":[{"embeddable":true,"href":"https:\/\/www.elsindical.com.ar\/notas\/wp-json\/wp\/v2\/users\/1"}],"replies":[{"embeddable":true,"href":"https:\/\/www.elsindical.com.ar\/notas\/wp-json\/wp\/v2\/comments?post=18854"}],"version-history":[{"count":3,"href":"https:\/\/www.elsindical.com.ar\/notas\/wp-json\/wp\/v2\/posts\/18854\/revisions"}],"predecessor-version":[{"id":18858,"href":"https:\/\/www.elsindical.com.ar\/notas\/wp-json\/wp\/v2\/posts\/18854\/revisions\/18858"}],"wp:attachment":[{"href":"https:\/\/www.elsindical.com.ar\/notas\/wp-json\/wp\/v2\/media?parent=18854"}],"wp:term":[{"taxonomy":"category","embeddable":true,"href":"https:\/\/www.elsindical.com.ar\/notas\/wp-json\/wp\/v2\/categories?post=18854"},{"taxonomy":"post_tag","embeddable":true,"href":"https:\/\/www.elsindical.com.ar\/notas\/wp-json\/wp\/v2\/tags?post=18854"}],"curies":[{"name":"wp","href":"https:\/\/api.w.org\/{rel}","templated":true}]}}