{"id":18774,"date":"2011-11-17T21:40:20","date_gmt":"2011-11-18T00:40:20","guid":{"rendered":"http:\/\/www.elsindical.com.ar\/notas\/?p=18774"},"modified":"2011-11-21T08:01:14","modified_gmt":"2011-11-21T11:01:14","slug":"tomas-dameno-santillan-fue-hallado-muerto","status":"publish","type":"post","link":"https:\/\/www.elsindical.com.ar\/notas\/tomas-dameno-santillan-fue-hallado-muerto\/","title":{"rendered":"Tom\u00e1s Dameno Santill\u00e1n fue hallado muerto"},"content":{"rendered":"<p style=\"text-align: justify;\"><em><a href=\"http:\/\/www.elsindical.com.ar\/notas\/var\/www\/html\/notas\/wp-content\/uploads\/2011\/11\/Tom\u00e1s-Dameno-Santill\u00e1n-rost.jpg\"><img loading=\"lazy\" decoding=\"async\" class=\"alignleft size-medium wp-image-18775\" title=\"Tom\u00e1s-Dameno-Santill\u00e1n-rost\" src=\"http:\/\/www.elsindical.com.ar\/notas\/var\/www\/html\/notas\/wp-content\/uploads\/2011\/11\/Tom\u00e1s-Dameno-Santill\u00e1n-rost-300x225.jpg\" alt=\"\" width=\"300\" height=\"225\" srcset=\"https:\/\/www.elsindical.com.ar\/notas\/var\/www\/html\/notas\/wp-content\/uploads\/2011\/11\/Tom\u00e1s-Dameno-Santill\u00e1n-rost-300x225.jpg 300w, https:\/\/www.elsindical.com.ar\/notas\/var\/www\/html\/notas\/wp-content\/uploads\/2011\/11\/Tom\u00e1s-Dameno-Santill\u00e1n-rost.jpg 413w\" sizes=\"auto, (max-width: 300px) 100vw, 300px\" \/><\/a>El cuerpo del ni\u00f1o de 9 a\u00f1os que estaba desaparecido hace dos d\u00edas en Lincoln fue hallado esta tarde en un <strong>descampado <\/strong>por personal de Defensa Civil, seg\u00fan confirm\u00f3 el ministro de Seguridad y Justicia bonaerense, <strong>Ricardo Casal<\/strong>. Seg\u00fan las primeras versiones, el cad\u00e1ver presentaba <strong>un golpe en la cabeza<\/strong>. Esta tarde allanaron domicilios vinculados con la ex pareja de la madre. \u00ab<strong>Mi nieto no merec\u00eda este final<\/strong>\u00ab, declar\u00f3 la abuela.<\/em><\/p>\n<p style=\"text-align: justify;\"><strong>Tom\u00e1s Dameno Santill\u00e1n fue hallado muerto esta tarde en la zona de Bayauca, Lincoln, seg\u00fan le inform\u00f3 el fiscal de la investigaci\u00f3n a la familia del ni\u00f1o. <\/strong><\/p>\n<p style=\"text-align: justify;\">El ni\u00f1o, de 9 a\u00f1os, hab\u00eda sido visto por \u00faltima vez el martes al mediod\u00eda, al salir del colegio. A partir de all\u00ed, sus padres comenzaron uan b\u00fasqueda desesperada que cont\u00f3 con la colaboraci\u00f3n de 500 efectivos de la Polic\u00eda Bonaerense, comandados por el ministro <strong>Ricardo Casal<\/strong> y el Comisario General \u00a0<strong>Juan Carlos Paggi.<\/strong><\/p>\n<p style=\"text-align: justify;\">Seg\u00fan las primeras versiones, el ni\u00f1o fue hallado con la ropa con la que hab\u00eda acudido al colegio, en un camino que se encuentra a 10 kil\u00f3metros de su casa. Tambi\u00e9n fue hallada la mochila roja en la que portaba sus \u00fatiles.<\/p>\n<p style=\"text-align: justify;\">Esta tarde, los investigadores realizaron diversos procedimientos en domicilios vinculados con Adalberto Cuello, ex pareja de la madre del ni\u00f1o.\u00a0<\/p>\n","protected":false},"excerpt":{"rendered":"<p>El cuerpo del ni\u00f1o de 9 a\u00f1os que estaba desaparecido hace dos d\u00edas en Lincoln fue hallado esta tarde en un descampado por personal de Defensa Civil, seg\u00fan confirm\u00f3 el ministro de Seguridad y Justicia bonaerense, Ricardo Casal. Seg\u00fan las primeras versiones, el cad\u00e1ver presentaba un golpe en la cabeza. Esta tarde allanaron domicilios vinculados&hellip;<\/p>\n","protected":false},"author":1,"featured_media":0,"comment_status":"open","ping_status":"open","sticky":false,"template":"","format":"standard","meta":{"footnotes":""},"categories":[22],"tags":[493,2409,9148,306,3852,9173],"class_list":["post-18774","post","type-post","status-publish","format-standard","hentry","category-policiales","tag-allanamientos","tag-cadaver","tag-lincoln","tag-nino","tag-ricardo-casal","tag-tomas"],"_links":{"self":[{"href":"https:\/\/www.elsindical.com.ar\/notas\/wp-json\/wp\/v2\/posts\/18774","targetHints":{"allow":["GET"]}}],"collection":[{"href":"https:\/\/www.elsindical.com.ar\/notas\/wp-json\/wp\/v2\/posts"}],"about":[{"href":"https:\/\/www.elsindical.com.ar\/notas\/wp-json\/wp\/v2\/types\/post"}],"author":[{"embeddable":true,"href":"https:\/\/www.elsindical.com.ar\/notas\/wp-json\/wp\/v2\/users\/1"}],"replies":[{"embeddable":true,"href":"https:\/\/www.elsindical.com.ar\/notas\/wp-json\/wp\/v2\/comments?post=18774"}],"version-history":[{"count":2,"href":"https:\/\/www.elsindical.com.ar\/notas\/wp-json\/wp\/v2\/posts\/18774\/revisions"}],"predecessor-version":[{"id":18886,"href":"https:\/\/www.elsindical.com.ar\/notas\/wp-json\/wp\/v2\/posts\/18774\/revisions\/18886"}],"wp:attachment":[{"href":"https:\/\/www.elsindical.com.ar\/notas\/wp-json\/wp\/v2\/media?parent=18774"}],"wp:term":[{"taxonomy":"category","embeddable":true,"href":"https:\/\/www.elsindical.com.ar\/notas\/wp-json\/wp\/v2\/categories?post=18774"},{"taxonomy":"post_tag","embeddable":true,"href":"https:\/\/www.elsindical.com.ar\/notas\/wp-json\/wp\/v2\/tags?post=18774"}],"curies":[{"name":"wp","href":"https:\/\/api.w.org\/{rel}","templated":true}]}}