{"id":18754,"date":"2011-11-17T11:35:27","date_gmt":"2011-11-17T14:35:27","guid":{"rendered":"http:\/\/www.elsindical.com.ar\/notas\/?p=18754"},"modified":"2011-11-17T11:35:27","modified_gmt":"2011-11-17T14:35:27","slug":"la-pampacarta-abierta-de-una-nena-de-12-anos-al-juez-de-menores-luis-alberto-garcia","status":"publish","type":"post","link":"https:\/\/www.elsindical.com.ar\/notas\/la-pampacarta-abierta-de-una-nena-de-12-anos-al-juez-de-menores-luis-alberto-garcia\/","title":{"rendered":"La Pampa:Carta abierta de una nena de 12 a\u00f1os al Juez de Menores  Luis Alberto Garc\u00eda"},"content":{"rendered":"<p style=\"text-align: justify;\"><em><a href=\"http:\/\/www.elsindical.com.ar\/notas\/var\/www\/html\/notas\/wp-content\/uploads\/2011\/11\/derechos-de-los-ni\u00f1os.jpg\"><img loading=\"lazy\" decoding=\"async\" class=\"alignleft size-full wp-image-18755\" title=\"derechos-de-los-ni\u00f1os\" src=\"http:\/\/www.elsindical.com.ar\/notas\/var\/www\/html\/notas\/wp-content\/uploads\/2011\/11\/derechos-de-los-ni\u00f1os.jpg\" alt=\"\" width=\"207\" height=\"209\" srcset=\"https:\/\/www.elsindical.com.ar\/notas\/var\/www\/html\/notas\/wp-content\/uploads\/2011\/11\/derechos-de-los-ni\u00f1os.jpg 207w, https:\/\/www.elsindical.com.ar\/notas\/var\/www\/html\/notas\/wp-content\/uploads\/2011\/11\/derechos-de-los-ni\u00f1os-150x150.jpg 150w\" sizes=\"auto, (max-width: 207px) 100vw, 207px\" \/><\/a>\u00abTengo 12 a\u00f1os y soy de Caleuf\u00fa. Les escribo porque quiero hacer p\u00fablica una injusticia y un incumplimiento de las leyes. Mis padres se divorciaron en febrero del 2009. Yo siempre sostuve que quer\u00eda vivir con mi pap\u00e1 y tambi\u00e9n dije que no ten\u00eda problemas en ir a declarar ante el Juez de General Pico, Luis Alberto Garc\u00eda.<\/em><\/p>\n<p style=\"text-align: justify;\"><em>\u00abEste se\u00f1or me llam\u00f3 el d\u00eda en que se venc\u00eda el plazo para que yo vaya a declarar. Mi mama, no s\u00e9 porqu\u00e9, ment\u00eda cuando iba a una audiencia y tambi\u00e9n le hizo falsas denuncias a mi pap\u00e1. Por ejemplo, que \u00e9l le pegaba y le hablaba de mi medio hermano que falleci\u00f3. Entonces cuando (el Juez) me llam\u00f3, lo \u00fanico que le dije es que quer\u00eda vivir con mi pap\u00e1, porque mi mam\u00e1 me maltrataba. Me gritaba por cualquier cosa y nos pele\u00e1bamos siempre. No me dejaba juntarme con las personas a las que yo considero amigos de verdad.<\/em><br \/>\n<em>\u00abPero el se\u00f1or Luis Alberto Garc\u00eda hizo todo lo contrario, y le dio la tenencia a mi mam\u00e1. Hace casi un mes que me fui de mi casa y estoy viviendo con mi pap\u00e1. Mi mama me proh\u00edbe la entrada a mi casa, no deja que tenga acceso a mis pertenencias, incluso al D.N.I. y a las cosas escolares.<\/em><\/p>\n<p style=\"text-align: justify;\"><em>\u00abTodos dicen que estoy mucho mejor ahora que antes, y hasta yo noto eso. Lo \u00fanico que digo es que tengo m\u00e1s de cinco a\u00f1os, y seg\u00fan dice la justicia, ya puedo decidir con qui\u00e9n vivir.<\/em><\/p>\n<p style=\"text-align: justify;\"><em>\u00abEntonces lo quiero hacer p\u00fablico para que vean que los derechos del ni\u00f1o no se respetan tanto como dicen. Lo \u00fanico que pido es, por favor, vivir con mi pap\u00e1 y seguir viendo a mi mama\u00bb.<\/em><\/p>\n","protected":false},"excerpt":{"rendered":"<p>\u00abTengo 12 a\u00f1os y soy de Caleuf\u00fa. Les escribo porque quiero hacer p\u00fablica una injusticia y un incumplimiento de las leyes. Mis padres se divorciaron en febrero del 2009. Yo siempre sostuve que quer\u00eda vivir con mi pap\u00e1 y tambi\u00e9n dije que no ten\u00eda problemas en ir a declarar ante el Juez de General Pico,&hellip;<\/p>\n","protected":false},"author":1,"featured_media":0,"comment_status":"open","ping_status":"open","sticky":false,"template":"","format":"standard","meta":{"footnotes":""},"categories":[21],"tags":[9161,1329,9162,1912,9163,921,223,359],"class_list":["post-18754","post","type-post","status-publish","format-standard","hentry","category-opinion","tag-caleufu","tag-divorcio","tag-juez-de-general-pico","tag-la-pampa","tag-luis-alberto-garcia","tag-madre","tag-menor","tag-padre"],"_links":{"self":[{"href":"https:\/\/www.elsindical.com.ar\/notas\/wp-json\/wp\/v2\/posts\/18754","targetHints":{"allow":["GET"]}}],"collection":[{"href":"https:\/\/www.elsindical.com.ar\/notas\/wp-json\/wp\/v2\/posts"}],"about":[{"href":"https:\/\/www.elsindical.com.ar\/notas\/wp-json\/wp\/v2\/types\/post"}],"author":[{"embeddable":true,"href":"https:\/\/www.elsindical.com.ar\/notas\/wp-json\/wp\/v2\/users\/1"}],"replies":[{"embeddable":true,"href":"https:\/\/www.elsindical.com.ar\/notas\/wp-json\/wp\/v2\/comments?post=18754"}],"version-history":[{"count":1,"href":"https:\/\/www.elsindical.com.ar\/notas\/wp-json\/wp\/v2\/posts\/18754\/revisions"}],"predecessor-version":[{"id":18756,"href":"https:\/\/www.elsindical.com.ar\/notas\/wp-json\/wp\/v2\/posts\/18754\/revisions\/18756"}],"wp:attachment":[{"href":"https:\/\/www.elsindical.com.ar\/notas\/wp-json\/wp\/v2\/media?parent=18754"}],"wp:term":[{"taxonomy":"category","embeddable":true,"href":"https:\/\/www.elsindical.com.ar\/notas\/wp-json\/wp\/v2\/categories?post=18754"},{"taxonomy":"post_tag","embeddable":true,"href":"https:\/\/www.elsindical.com.ar\/notas\/wp-json\/wp\/v2\/tags?post=18754"}],"curies":[{"name":"wp","href":"https:\/\/api.w.org\/{rel}","templated":true}]}}