{"id":18718,"date":"2011-11-16T15:30:10","date_gmt":"2011-11-16T18:30:10","guid":{"rendered":"http:\/\/www.elsindical.com.ar\/notas\/?p=18718"},"modified":"2011-11-16T15:30:10","modified_gmt":"2011-11-16T18:30:10","slug":"autoridades-del-gobierno-de-la-ciudad-desmienten-no-haber-verificado-denuncias-de-obras","status":"publish","type":"post","link":"https:\/\/www.elsindical.com.ar\/notas\/autoridades-del-gobierno-de-la-ciudad-desmienten-no-haber-verificado-denuncias-de-obras\/","title":{"rendered":"Autoridades del Gobierno de la Ciudad, desmienten no haber verificado denuncias de obras"},"content":{"rendered":"<p style=\"text-align: justify;\"><em><a href=\"http:\/\/www.elsindical.com.ar\/notas\/var\/www\/html\/notas\/wp-content\/uploads\/2011\/11\/edificio-derrumbado.jpg\"><img loading=\"lazy\" decoding=\"async\" class=\"alignleft size-medium wp-image-18719\" title=\"edificio-derrumbado\" src=\"http:\/\/www.elsindical.com.ar\/notas\/var\/www\/html\/notas\/wp-content\/uploads\/2011\/11\/edificio-derrumbado-300x225.jpg\" alt=\"\" width=\"300\" height=\"225\" srcset=\"https:\/\/www.elsindical.com.ar\/notas\/var\/www\/html\/notas\/wp-content\/uploads\/2011\/11\/edificio-derrumbado-300x225.jpg 300w, https:\/\/www.elsindical.com.ar\/notas\/var\/www\/html\/notas\/wp-content\/uploads\/2011\/11\/edificio-derrumbado.jpg 325w\" sizes=\"auto, (max-width: 300px) 100vw, 300px\" \/><\/a>El ministro de Justicia y Seguridad porte\u00f1o, <strong>Guillermo Montenegro<\/strong>, rechaz\u00f3 el informe de la Superintendencia de Riesgos de Trabajo de la Naci\u00f3n. \u00ab<strong>No se puede seguir haciendo pol\u00edtica minti\u00e9ndole a la gente\u00bb<\/strong>, se\u00f1al\u00f3 el funcionario, vale aclarar que Montenegro es el mismo que asegur\u00f3 que algunas de las v\u00edctimas del derrumbe les agradecieron contentos lo hecho.<\/em><\/p>\n<p style=\"text-align: justify;\">El Gobierno porte\u00f1o rechaz\u00f3 hoy el informe de la Superintendencia de Riesgos del Trabajo dela Naci\u00f3n (SRT) sobre irregularidades denunciadas en obras en construcci\u00f3n, <strong>al sostener que se quiere \u00abseguir haciendo pol\u00edtica minti\u00e9ndole a la gente\u00bb.<\/strong><\/p>\n<p style=\"text-align: justify;\"><strong>As\u00ed lo expres\u00f3 el ministro de Justicia y Seguridad porte\u00f1a, Guillermo Montenegro<\/strong>, luego de que ayerla SRT asever\u00f3 que en lo que va del a\u00f1o hubo 4.881 denuncias por irregularidades en construcciones de las cuales s\u00f3lo 2,4 por ciento, es decir 119 advertencias, fueron revisadas.<\/p>\n<p style=\"text-align: justify;\">\u00ab<strong>Me sorprende que se quiera hacer pol\u00edtica con esto. No se puede seguir haciendo pol\u00edtica minti\u00e9ndole a la gente<\/strong>\u00ab, expres\u00f3 Montenegro en declaraciones a la prensa tras la reuni\u00f3n del gabinete de Mauricio Macri.<\/p>\n<p style=\"text-align: justify;\">Entre las tareas observadas se encontraba la obra colindante al edificio ubicado en la calle Bartolom\u00e9 Mitre al 1232, que se derrumb\u00f3 el 4 de noviembre pasado, como tambi\u00e9n el predio donde ayer una m\u00e1quina excavadora provoc\u00f3 la rotura de un ca\u00f1o de gas, un hecho que requiri\u00f3 la evacuaci\u00f3n de vecinos y de una escuela en el barrio de Balvanera.<\/p>\n<p style=\"text-align: justify;\">Montenegro ratific\u00f3 que \u00ab<strong>hay una decisi\u00f3n pol\u00edtica muy clara\u00bb de la administraci\u00f3n de Mauricio Macri de \u00abacompa\u00f1ar a los vecinos y solucionar lo m\u00e1s r\u00e1pido posible<\/strong>\u00bb la situaci\u00f3n de perder su vivienda tras el derrumbe del edificio de la calle Bartolom\u00e9 Mitre, en el barrio de San Nicol\u00e1s.<\/p>\n<p style=\"text-align: justify;\">Respecto al tema de las indemnizaciones para los damnificados del derrumbe, el funcionario coment\u00f3 que se decidi\u00f3 que \u00ab<strong>el monto se lo fije el Banco Ciudad<\/strong>\u00bb analizando las diferentes problem\u00e1ticas de los vecinos.<\/p>\n<p style=\"text-align: justify;\">A ra\u00edz del derrumbe, falleci\u00f3 Isidoro Madue\u00f1a, de 74 a\u00f1os, que estuvo desaparecido tras el desmoronamiento del inmueble que afecto a cerca de 220 personas.<\/p>\n<p style=\"text-align: justify;\">El viernes 4 de noviembre a las 19.50, se desplom\u00f3 el tercer cuerpo del edificio de Bartolom\u00e9 Mitre 1232, inmueble lindero a una obra en construcci\u00f3n en nivel de excavaci\u00f3n que \u00abposiblemente\u00bb provoc\u00f3 el colapso.<\/p>\n<p style=\"text-align: justify;\">Autoridades locales dispusieron la demolici\u00f3n parcial del resto del inmueble ante el riesgo de derrumbe, medida que qued\u00f3 paralizada al denunciarse la desaparici\u00f3n de Madue\u00f1a.<\/p>\n<p style=\"text-align: justify;\">Por el incidente m\u00e1s de 220 personas de la cuadra debieron ser evacuadas, muchas de las cuales fueron alojadas en hogares delGobierno porte\u00f1o.<\/p>\n<p style=\"text-align: justify;\">Adem\u00e1s, la l\u00ednea \u00abA\u00bb de subterr\u00e1neos debi\u00f3 prestar un servicio reducido entre las estaciones Carabobo y Plaza Miserere para no generar vibraciones al pasar cerca del inmueble afectado.<\/p>\n","protected":false},"excerpt":{"rendered":"<p>El ministro de Justicia y Seguridad porte\u00f1o, Guillermo Montenegro, rechaz\u00f3 el informe de la Superintendencia de Riesgos de Trabajo de la Naci\u00f3n. \u00abNo se puede seguir haciendo pol\u00edtica minti\u00e9ndole a la gente\u00bb, se\u00f1al\u00f3 el funcionario, vale aclarar que Montenegro es el mismo que asegur\u00f3 que algunas de las v\u00edctimas del derrumbe les agradecieron contentos lo&hellip;<\/p>\n","protected":false},"author":1,"featured_media":0,"comment_status":"open","ping_status":"open","sticky":false,"template":"","format":"standard","meta":{"footnotes":""},"categories":[13],"tags":[22020,4113,5968,9146,509],"class_list":["post-18718","post","type-post","status-publish","format-standard","hentry","category-politica","tag-denuncias","tag-derrumbe","tag-gobierno-de-la-ciudad-de-buenos-aires","tag-superintendencia-de-riesgos-del-trabajo-dela-nacion","tag-victimas"],"_links":{"self":[{"href":"https:\/\/www.elsindical.com.ar\/notas\/wp-json\/wp\/v2\/posts\/18718","targetHints":{"allow":["GET"]}}],"collection":[{"href":"https:\/\/www.elsindical.com.ar\/notas\/wp-json\/wp\/v2\/posts"}],"about":[{"href":"https:\/\/www.elsindical.com.ar\/notas\/wp-json\/wp\/v2\/types\/post"}],"author":[{"embeddable":true,"href":"https:\/\/www.elsindical.com.ar\/notas\/wp-json\/wp\/v2\/users\/1"}],"replies":[{"embeddable":true,"href":"https:\/\/www.elsindical.com.ar\/notas\/wp-json\/wp\/v2\/comments?post=18718"}],"version-history":[{"count":1,"href":"https:\/\/www.elsindical.com.ar\/notas\/wp-json\/wp\/v2\/posts\/18718\/revisions"}],"predecessor-version":[{"id":18720,"href":"https:\/\/www.elsindical.com.ar\/notas\/wp-json\/wp\/v2\/posts\/18718\/revisions\/18720"}],"wp:attachment":[{"href":"https:\/\/www.elsindical.com.ar\/notas\/wp-json\/wp\/v2\/media?parent=18718"}],"wp:term":[{"taxonomy":"category","embeddable":true,"href":"https:\/\/www.elsindical.com.ar\/notas\/wp-json\/wp\/v2\/categories?post=18718"},{"taxonomy":"post_tag","embeddable":true,"href":"https:\/\/www.elsindical.com.ar\/notas\/wp-json\/wp\/v2\/tags?post=18718"}],"curies":[{"name":"wp","href":"https:\/\/api.w.org\/{rel}","templated":true}]}}