{"id":18715,"date":"2011-11-16T01:58:00","date_gmt":"2011-11-16T04:58:00","guid":{"rendered":"http:\/\/www.elsindical.com.ar\/notas\/?p=18715"},"modified":"2011-11-16T01:58:00","modified_gmt":"2011-11-16T04:58:00","slug":"paro-de-72-horas-en-el-banco-ciudad","status":"publish","type":"post","link":"https:\/\/www.elsindical.com.ar\/notas\/paro-de-72-horas-en-el-banco-ciudad\/","title":{"rendered":"Paro de 72 horas en el Banco Ciudad"},"content":{"rendered":"<p style=\"text-align: justify;\"><em><a href=\"http:\/\/www.elsindical.com.ar\/notas\/var\/www\/html\/notas\/wp-content\/uploads\/2011\/11\/paro-Banco-Ciudad-31-10-201.jpg\"><img loading=\"lazy\" decoding=\"async\" class=\"alignleft size-medium wp-image-18190\" title=\"paro-Banco-Ciudad-31-10-201\" src=\"http:\/\/www.elsindical.com.ar\/notas\/var\/www\/html\/notas\/wp-content\/uploads\/2011\/11\/paro-Banco-Ciudad-31-10-201-300x224.jpg\" alt=\"\" width=\"300\" height=\"224\" srcset=\"https:\/\/www.elsindical.com.ar\/notas\/var\/www\/html\/notas\/wp-content\/uploads\/2011\/11\/paro-Banco-Ciudad-31-10-201-300x224.jpg 300w, https:\/\/www.elsindical.com.ar\/notas\/var\/www\/html\/notas\/wp-content\/uploads\/2011\/11\/paro-Banco-Ciudad-31-10-201.jpg 443w\" sizes=\"auto, (max-width: 300px) 100vw, 300px\" \/><\/a>Los trabajadores del Banco Ciudad paran hoy, ma\u00f1ana y el viernes 18 de noviembre ante la negativa al di\u00e1logo, el incumplimiento de los acuerdos firmados y la persecusi\u00f3n gremial. Repudio al presidente de la entidad, Federico Sturzenegger.<\/em><\/p>\n<p style=\"text-align: justify;\">Los trabajadores bancarios de la entidad porte\u00f1a repudian la administraci\u00f3n autoritaria, demag\u00f3gica y elitista, encarnada por su presidente, Federico Sturzenegger.<\/p>\n<p style=\"text-align: justify;\">Seg\u00fan recuerdan, Sturzenegger fue el segundo de L\u00f3pez Murphy y de Cavallo durante la gesti\u00f3n de Fernando De La R\u00faa, avalando el descuento del 13% a jubilados, estatales y docentes,<\/p>\n<p style=\"text-align: justify;\">Eso explica la negativa total a dialogar con los representantes de los trabajadores, el incumplimiento de acuerdos firmados, el brutal achique de sectores (Ej.: Pignoraticio y Ventas, el tradicional edificio de remates de la calle Esmeralda), los sumarios a los miembros de la Comisi\u00f3n General Interna (CGI) que se mantienen congelados para perjudicarlos econ\u00f3micamente, la no aplicaci\u00f3n de la Convenci\u00f3n Colectiva 18\/75, las persecuciones, los \u201caprietes\u201d, y el maltrato.<\/p>\n<p style=\"text-align: justify;\">Por esta raz\u00f3n, los trabajadores del Banco de la Ciudad de Buenos Aires mantienen vigentes las medidas de fuerza avaladas por el Plenario de Delegados de base que consisten en un paro de 72 horas con movilizaci\u00f3n a la Casa Matriz en el d\u00eda de hoy desde las 11 horas.<\/p>\n","protected":false},"excerpt":{"rendered":"<p>Los trabajadores del Banco Ciudad paran hoy, ma\u00f1ana y el viernes 18 de noviembre ante la negativa al di\u00e1logo, el incumplimiento de los acuerdos firmados y la persecusi\u00f3n gremial. Repudio al presidente de la entidad, Federico Sturzenegger. Los trabajadores bancarios de la entidad porte\u00f1a repudian la administraci\u00f3n autoritaria, demag\u00f3gica y elitista, encarnada por su presidente,&hellip;<\/p>\n","protected":false},"author":1,"featured_media":0,"comment_status":"open","ping_status":"open","sticky":false,"template":"","format":"standard","meta":{"footnotes":""},"categories":[16],"tags":[9145,1749,35,34,37,67,4361,3784],"class_list":["post-18715","post","type-post","status-publish","format-standard","hentry","category-gremiales","tag-achiques","tag-aprietes","tag-banco-ciudad","tag-cgi","tag-federico-sturzenegger","tag-paro","tag-persecucion","tag-plenario"],"_links":{"self":[{"href":"https:\/\/www.elsindical.com.ar\/notas\/wp-json\/wp\/v2\/posts\/18715","targetHints":{"allow":["GET"]}}],"collection":[{"href":"https:\/\/www.elsindical.com.ar\/notas\/wp-json\/wp\/v2\/posts"}],"about":[{"href":"https:\/\/www.elsindical.com.ar\/notas\/wp-json\/wp\/v2\/types\/post"}],"author":[{"embeddable":true,"href":"https:\/\/www.elsindical.com.ar\/notas\/wp-json\/wp\/v2\/users\/1"}],"replies":[{"embeddable":true,"href":"https:\/\/www.elsindical.com.ar\/notas\/wp-json\/wp\/v2\/comments?post=18715"}],"version-history":[{"count":2,"href":"https:\/\/www.elsindical.com.ar\/notas\/wp-json\/wp\/v2\/posts\/18715\/revisions"}],"predecessor-version":[{"id":18717,"href":"https:\/\/www.elsindical.com.ar\/notas\/wp-json\/wp\/v2\/posts\/18715\/revisions\/18717"}],"wp:attachment":[{"href":"https:\/\/www.elsindical.com.ar\/notas\/wp-json\/wp\/v2\/media?parent=18715"}],"wp:term":[{"taxonomy":"category","embeddable":true,"href":"https:\/\/www.elsindical.com.ar\/notas\/wp-json\/wp\/v2\/categories?post=18715"},{"taxonomy":"post_tag","embeddable":true,"href":"https:\/\/www.elsindical.com.ar\/notas\/wp-json\/wp\/v2\/tags?post=18715"}],"curies":[{"name":"wp","href":"https:\/\/api.w.org\/{rel}","templated":true}]}}