{"id":18710,"date":"2011-11-15T23:47:44","date_gmt":"2011-11-16T02:47:44","guid":{"rendered":"http:\/\/www.elsindical.com.ar\/notas\/?p=18710"},"modified":"2011-11-15T23:47:44","modified_gmt":"2011-11-16T02:47:44","slug":"nueva-escala-salarial-para-el-personal-domestico","status":"publish","type":"post","link":"https:\/\/www.elsindical.com.ar\/notas\/nueva-escala-salarial-para-el-personal-domestico\/","title":{"rendered":"Nueva escala salarial para el personal dom\u00e9stico"},"content":{"rendered":"<p style=\"text-align: justify;\"><em><a href=\"http:\/\/www.elsindical.com.ar\/notas\/var\/www\/html\/notas\/wp-content\/uploads\/2010\/08\/personal-dom\u00e9stico.jpg\"><img loading=\"lazy\" decoding=\"async\" class=\"alignleft size-full wp-image-8268\" title=\"personal-dom\u00e9stico\" src=\"http:\/\/www.elsindical.com.ar\/notas\/var\/www\/html\/notas\/wp-content\/uploads\/2010\/08\/personal-dom\u00e9stico.jpg\" alt=\"\" width=\"283\" height=\"188\" \/><\/a>El gobierno nacional fij\u00f3 nuevas remuneraciones mensuales m\u00ednimas para el personal de trabajo dom\u00e9stico a partir del 1 de noviembre de este a\u00f1o, mediante una resoluci\u00f3n publicada este martes en el Bolet\u00edn Oficial.<\/em><\/p>\n<div>\n<p style=\"text-align: justify;\">En los considerandos de la medida se destaca que \u00abcorresponde adecuar las escalas salariales m\u00ednimas del Personal de Trabajo Dom\u00e9stico, comprendido en el estatuto que rige la actividad, teniendo en especial consideraci\u00f3n los avances que, en materia de remuneraciones de los trabajadores en general, se han producido en el presente a\u00f1o en el marco de la negociaci\u00f3n colectiva\u00bb.<\/p>\n<p>La resoluci\u00f3n 1350 subraya adem\u00e1s que \u00abdentro del marco descripto cabe tener presente los recientes incrementos dispuestos por el Consejo Nacional del Empleo, la Productividad y el Salario M\u00ednimo, Vital y M\u00f3vil, tendientes a establecer l\u00edmites precisos que permitan mantener el nivel de los salarios de los trabajadores\u00bb.<\/p>\n<p>El detalle del escalaf\u00f3n salarial se divide en cinco categor\u00edas, teniendo en cuenta funciones y cantidad de horas trabajadas.<\/p>\n<p>La primera abarca institutrices, preceptores, gobernantas, amas de llaves, mayordomos, damas de compa\u00f1\u00eda y nurses, quienes deber\u00e1n percibir 2.547,21 pesos mensuales en caso de trabajar ocho horas con retiro y 2.839,30 pesos por mes si cumplen tareas sin retiro.<\/p>\n<p>La segunda categor\u00eda agrupa a cocineros\/as especializados, mucamos\/as especializados, ni\u00f1eras especializadas, valets y porteros de casas particulares, cuyos haberes rondar\u00e1n entre $2.363,96 (personal con retiro 8 horas) y $2.634,29 (sin retiro).<\/p>\n<p>La tercera categor\u00eda, en tanto, tiene que ver con cocineros\/ras, mucamos\/as, ni\u00f1eras en general, auxiliares para todo trabajo, ayudantes\/as, caseros y jardineras, cuyos salarios m\u00ednimos fueron establecidos en 2.309,54 pesos a partir del 1 de noviembre.<\/p>\n<p>En el caso de aprendices en general de 16 a 17 a\u00f1os de edad, quienes figuran en una cuarta categor\u00eda, se fij\u00f3 la remuneraci\u00f3n en 2.071,88 pesos, seg\u00fan consta en el anexo de la resoluci\u00f3n.<\/p>\n<p>Finalmente, la quinta categor\u00eda agrupa a personal con retiro que trabaja diariamente y establece los siguientes montos: 2.071,88 pesos en caso de desempe\u00f1ar tareas durante ocho horas por d\u00eda, con un pago de $15,79 por hora; 1.035,94 pesos por una labor m\u00e1xima de 4 horas de trabajo diarias y $15,79 la \u00abhora de excedencia\u00bb.<\/p>\n<p>\u00abLa adecuaci\u00f3n salarial dispuesta por esta resoluci\u00f3n ser\u00e1 de aplicaci\u00f3n en todo el territorio de la Naci\u00f3n, con excepci\u00f3n de aquellas provincias que legislen en forma particular sobre la materia\u00bb, aclara en su art\u00edculo segundo el texto oficial, que lleva la firma del ministro de Trabajo, Carlos Tomada.<\/p>\n<\/div>\n","protected":false},"excerpt":{"rendered":"<p>El gobierno nacional fij\u00f3 nuevas remuneraciones mensuales m\u00ednimas para el personal de trabajo dom\u00e9stico a partir del 1 de noviembre de este a\u00f1o, mediante una resoluci\u00f3n publicada este martes en el Bolet\u00edn Oficial. En los considerandos de la medida se destaca que \u00abcorresponde adecuar las escalas salariales m\u00ednimas del Personal de Trabajo Dom\u00e9stico, comprendido en&hellip;<\/p>\n","protected":false},"author":1,"featured_media":0,"comment_status":"open","ping_status":"open","sticky":false,"template":"","format":"standard","meta":{"footnotes":""},"categories":[9],"tags":[1295,9144,3367],"class_list":["post-18710","post","type-post","status-publish","format-standard","hentry","category-economia","tag-boletin-oficial","tag-nueva-escala-salarial","tag-personal-domestico"],"_links":{"self":[{"href":"https:\/\/www.elsindical.com.ar\/notas\/wp-json\/wp\/v2\/posts\/18710","targetHints":{"allow":["GET"]}}],"collection":[{"href":"https:\/\/www.elsindical.com.ar\/notas\/wp-json\/wp\/v2\/posts"}],"about":[{"href":"https:\/\/www.elsindical.com.ar\/notas\/wp-json\/wp\/v2\/types\/post"}],"author":[{"embeddable":true,"href":"https:\/\/www.elsindical.com.ar\/notas\/wp-json\/wp\/v2\/users\/1"}],"replies":[{"embeddable":true,"href":"https:\/\/www.elsindical.com.ar\/notas\/wp-json\/wp\/v2\/comments?post=18710"}],"version-history":[{"count":1,"href":"https:\/\/www.elsindical.com.ar\/notas\/wp-json\/wp\/v2\/posts\/18710\/revisions"}],"predecessor-version":[{"id":18711,"href":"https:\/\/www.elsindical.com.ar\/notas\/wp-json\/wp\/v2\/posts\/18710\/revisions\/18711"}],"wp:attachment":[{"href":"https:\/\/www.elsindical.com.ar\/notas\/wp-json\/wp\/v2\/media?parent=18710"}],"wp:term":[{"taxonomy":"category","embeddable":true,"href":"https:\/\/www.elsindical.com.ar\/notas\/wp-json\/wp\/v2\/categories?post=18710"},{"taxonomy":"post_tag","embeddable":true,"href":"https:\/\/www.elsindical.com.ar\/notas\/wp-json\/wp\/v2\/tags?post=18710"}],"curies":[{"name":"wp","href":"https:\/\/api.w.org\/{rel}","templated":true}]}}