{"id":18701,"date":"2011-11-15T16:35:55","date_gmt":"2011-11-15T19:35:55","guid":{"rendered":"http:\/\/www.elsindical.com.ar\/notas\/?p=18701"},"modified":"2011-11-15T16:35:55","modified_gmt":"2011-11-15T19:35:55","slug":"confirmaron-el-procesamiento-de-los-policias-en-el-asesinato-de-mariano-ferreyra","status":"publish","type":"post","link":"https:\/\/www.elsindical.com.ar\/notas\/confirmaron-el-procesamiento-de-los-policias-en-el-asesinato-de-mariano-ferreyra\/","title":{"rendered":"Confirmaron el procesamiento de los polic\u00edas en el asesinato de Mariano Ferreyra"},"content":{"rendered":"<div id=\"bajada\">\n<p style=\"text-align: justify;\"><em><a href=\"http:\/\/www.elsindical.com.ar\/notas\/var\/www\/html\/notas\/wp-content\/uploads\/2011\/05\/Mariano-Ferreyra-asesinado.jpg\"><img loading=\"lazy\" decoding=\"async\" class=\"alignleft size-medium wp-image-14152\" title=\"Mariano-Ferreyra-asesinado\" src=\"http:\/\/www.elsindical.com.ar\/notas\/var\/www\/html\/notas\/wp-content\/uploads\/2011\/05\/Mariano-Ferreyra-asesinado-300x168.jpg\" alt=\"\" width=\"300\" height=\"168\" srcset=\"https:\/\/www.elsindical.com.ar\/notas\/var\/www\/html\/notas\/wp-content\/uploads\/2011\/05\/Mariano-Ferreyra-asesinado-300x168.jpg 300w, https:\/\/www.elsindical.com.ar\/notas\/var\/www\/html\/notas\/wp-content\/uploads\/2011\/05\/Mariano-Ferreyra-asesinado.jpg 443w\" sizes=\"auto, (max-width: 300px) 100vw, 300px\" \/><\/a>La C\u00e1mara en lo Criminal confirm\u00f3 el procesamiento de seis polic\u00edas federales en la causa por el homicidio del joven militante, durante una protesta laboral por la incorporaci\u00f3n de trabajadores \u201ctercerizados\u201d a la planta permanente de los ferroviarios.<\/em><\/p>\n<\/div>\n<div id=\"texto\">\n<p style=\"text-align: justify;\">Imputados por \u201c<em>liberar la zona\u201d<\/em>, fueron procesados el ex titular de la Superintendencia Metropolitana de la Polic\u00eda Federal, <strong>Hugo Lompizano<\/strong>; los Comisarios <strong>Luis Echeverr\u00eda<\/strong> y <strong>Jorge Ferreira<\/strong> (de la Divisi\u00f3n Roca) y <strong>Luis Mansilla<\/strong> (del Departamento Control de L\u00edneas), el Subcomisario <strong>Rolando Garay<\/strong> y el Principal <strong>Gast\u00f3n Conti<\/strong>.<\/p>\n<p style=\"text-align: justify;\">Adem\u00e1s, la Sala I de la C\u00e1mara del Crimen tambi\u00e9n proces\u00f3 al oficial que estaba a cargo de la filmaci\u00f3n del operativo.<\/p>\n<\/div>\n","protected":false},"excerpt":{"rendered":"<p>La C\u00e1mara en lo Criminal confirm\u00f3 el procesamiento de seis polic\u00edas federales en la causa por el homicidio del joven militante, durante una protesta laboral por la incorporaci\u00f3n de trabajadores \u201ctercerizados\u201d a la planta permanente de los ferroviarios. Imputados por \u201cliberar la zona\u201d, fueron procesados el ex titular de la Superintendencia Metropolitana de la Polic\u00eda&hellip;<\/p>\n","protected":false},"author":1,"featured_media":0,"comment_status":"open","ping_status":"open","sticky":false,"template":"","format":"standard","meta":{"footnotes":""},"categories":[20,22],"tags":[363,4726,5035,4959,4961,755,2174],"class_list":["post-18701","post","type-post","status-publish","format-standard","hentry","category-judiciales","category-policiales","tag-asesinato","tag-camara-del-crimen","tag-ferroviarios","tag-mariano-ferreyra","tag-militante","tag-policias-federales","tag-proceso"],"_links":{"self":[{"href":"https:\/\/www.elsindical.com.ar\/notas\/wp-json\/wp\/v2\/posts\/18701","targetHints":{"allow":["GET"]}}],"collection":[{"href":"https:\/\/www.elsindical.com.ar\/notas\/wp-json\/wp\/v2\/posts"}],"about":[{"href":"https:\/\/www.elsindical.com.ar\/notas\/wp-json\/wp\/v2\/types\/post"}],"author":[{"embeddable":true,"href":"https:\/\/www.elsindical.com.ar\/notas\/wp-json\/wp\/v2\/users\/1"}],"replies":[{"embeddable":true,"href":"https:\/\/www.elsindical.com.ar\/notas\/wp-json\/wp\/v2\/comments?post=18701"}],"version-history":[{"count":1,"href":"https:\/\/www.elsindical.com.ar\/notas\/wp-json\/wp\/v2\/posts\/18701\/revisions"}],"predecessor-version":[{"id":18702,"href":"https:\/\/www.elsindical.com.ar\/notas\/wp-json\/wp\/v2\/posts\/18701\/revisions\/18702"}],"wp:attachment":[{"href":"https:\/\/www.elsindical.com.ar\/notas\/wp-json\/wp\/v2\/media?parent=18701"}],"wp:term":[{"taxonomy":"category","embeddable":true,"href":"https:\/\/www.elsindical.com.ar\/notas\/wp-json\/wp\/v2\/categories?post=18701"},{"taxonomy":"post_tag","embeddable":true,"href":"https:\/\/www.elsindical.com.ar\/notas\/wp-json\/wp\/v2\/tags?post=18701"}],"curies":[{"name":"wp","href":"https:\/\/api.w.org\/{rel}","templated":true}]}}