{"id":18620,"date":"2011-11-12T20:49:37","date_gmt":"2011-11-12T23:49:37","guid":{"rendered":"http:\/\/www.elsindical.com.ar\/notas\/?p=18620"},"modified":"2011-11-12T20:50:10","modified_gmt":"2011-11-12T23:50:10","slug":"italiarenuncio-silvio-berlusconi","status":"publish","type":"post","link":"https:\/\/www.elsindical.com.ar\/notas\/italiarenuncio-silvio-berlusconi\/","title":{"rendered":"Italia:Renunci\u00f3 Silvio Berlusconi"},"content":{"rendered":"<p style=\"text-align: justify;\"><em><a href=\"http:\/\/www.elsindical.com.ar\/notas\/var\/www\/html\/notas\/wp-content\/uploads\/2011\/11\/Silvio-Berlusconi-renuncia.jpg\"><img loading=\"lazy\" decoding=\"async\" class=\"alignleft size-medium wp-image-18621\" title=\"Silvio-Berlusconi-renuncia\" src=\"http:\/\/www.elsindical.com.ar\/notas\/var\/www\/html\/notas\/wp-content\/uploads\/2011\/11\/Silvio-Berlusconi-renuncia-300x167.jpg\" alt=\"\" width=\"300\" height=\"167\" srcset=\"https:\/\/www.elsindical.com.ar\/notas\/var\/www\/html\/notas\/wp-content\/uploads\/2011\/11\/Silvio-Berlusconi-renuncia-300x167.jpg 300w, https:\/\/www.elsindical.com.ar\/notas\/var\/www\/html\/notas\/wp-content\/uploads\/2011\/11\/Silvio-Berlusconi-renuncia.jpg 413w\" sizes=\"auto, (max-width: 300px) 100vw, 300px\" \/><\/a>El primer ministro italiano formaliz\u00f3 su dimisi\u00f3n en un encuentro que mantuvo con el presidente, Giorgio Napolitano. Lo hizo tras la aprobaci\u00f3n en el Parlamento de ese pa\u00eds\u00a0del plan de ajuste para hacer frente la crisis. Il Cavalieri <strong>se convirti\u00f3 as\u00ed en el segundo l\u00edder pol\u00edtico que cae por la aguda debacle financiera que acorrala a la eurozona<\/strong>. Los italianos gestionan la creaci\u00f3n de un nuevo gobierno. El presidente de Francia, Nicolas Sarkozy, y la canciller alemana, Angela Merkel, planean viajar a Roma para acompa\u00f1ar la designaci\u00f3n de nuevas autoridades. Cientos de personas festejan en las calles.<\/em><\/p>\n<p style=\"text-align: justify;\">Silvio Berlusconi renunci\u00f3 hoy al cargo de primer ministro de Italia y se convirti\u00f3 en el segundo l\u00edder pol\u00edtico en caer ante la aguda crisis de deuda que afrontan muchas de las econom\u00edas de la eurozona.<\/p>\n<p style=\"text-align: justify;\">Il Cavalieri present\u00f3 su dimisi\u00f3n durante un encuentro que mantuvo con el presidente Giorgio Napolitano, horas despu\u00e9s de que en el Parlamento se aprobara el plan de ajuste econ\u00f3mico.<\/p>\n<p style=\"text-align: justify;\">Berlusconi sigui\u00f3 as\u00ed los pasos de Giorgios Papandreu, quien d\u00edas atr\u00e1s oficializ\u00f3 su renuncia como premier de Grecia, otro de los pa\u00edses que junto a Espa\u00f1a afronta el peor escenario de Europa por sus altos niveles de deuda p\u00fablica.<\/p>\n<p style=\"text-align: justify;\">Luego de que el Parlamento italiano aprobara el paquete de medidas anticrisis, qued\u00f3 allanado el terreno para que el premier presentara su renuncia ante el presidente italiano Giorgio Napolitano. El saliente\u00a0l\u00edder de ministros\u00a0hab\u00eda dicho que<strong> con la aprobaci\u00f3n de la Ley Financiera dejar\u00e1 su cargo para que asuma un nuevo gobierno. <\/strong><\/p>\n<p style=\"text-align: justify;\">Tras la aprobaci\u00f3n del paquete de ayuda luego de meses idas y vueltas, <strong>Roma parece haber comprendido el mensaje<\/strong>, despu\u00e9s de que los mercados de bonos llevaron a la deuda italiana al borde de un rescate de la zona euro que la regi\u00f3n no podr\u00eda abordar. Es por esto que, <strong>Napolitano acept\u00f3 la renuncia de Berlusconi y le habr\u00eda pedido al ex funcionario europeo Mario Monti asuma el poder. <\/strong><\/p>\n<p style=\"text-align: justify;\">De ahora en adelante, el nuevo gobierno tendr\u00e1 el desaf\u00edo de superar la grave crisis econ\u00f3mica que golpea al pa\u00eds y devolverles la confianza a los socios y los inversores, en el marco de una crisis financiera que elev\u00f3 los costos de cr\u00e9dito de Italia a niveles insostenibles.<\/p>\n<p style=\"text-align: justify;\">Monti es\u00a0un prestigioso economista\u00a0que se desempe\u00f1\u00f3 dos veces como comisario europeo y es aceptado por una gran parte del \u00e1mbito pol\u00edtico nacional e internacional. \u00a0<\/p>\n<p style=\"text-align: justify;\">Es as\u00ed que, el presidente franc\u00e9s, <strong>Nicolas Sarkozy<\/strong>, est\u00e1 dispuesto a <strong>viajar a Roma<\/strong> junto con la canciller alemana, <strong>Angela Merkel<\/strong>, para expresar su respaldo al eventual futuro gobierno italiano encabezado por\u00a0Monti una vez sea nombrado, seg\u00fan informa el diario &#8216;Le Monde&#8217;.<\/p>\n<p style=\"text-align: justify;\">As\u00ed se lo habr\u00eda manifestado el mandatario galo al presidente\u00a0Napolitano, en la conversaci\u00f3n telef\u00f3nica que ambos mantuvieron ayer por la tarde para hablar de la crisis pol\u00edtica que atraviesa Italia, donde se esperaba que el primer ministro, Silvio Berlusconi, presentara su dimisi\u00f3n hoy mismo, tal como ocurri\u00f3.<\/p>\n<p style=\"text-align: justify;\">De acuerdo con el rotativo franc\u00e9s, Sarkozy hizo saber a su hom\u00f3logo italiano su deseo de que el nuevo Gobierno dure y no haya elecciones en los pr\u00f3ximos meses, con el fin de asentar la salvaci\u00f3n del euro, a\u00f1ade el diario, que indica que el presidente franc\u00e9s se ha ofrecido para entrar en contacto con responsables pol\u00edticos transalpinos con el fin de apoyar la formaci\u00f3n de un Gobierno duradero.<\/p>\n<p style=\"text-align: justify;\">\u00abTras haber impulsado la salida de Berlusconi, el eje franco-alem\u00e1n debe vigilar para no dar la sensaci\u00f3n de que se inmiscuye en los asuntos internos italianos\u00bb, se\u00f1ala el diario.<\/p>\n<p style=\"text-align: justify;\">Berlusconi, de 75 a\u00f1os, ostent\u00f3 el poder durante 9 a\u00f1os en varios per\u00edodos, desde 1994. Es decir que marc\u00f3 la vida de miles de italianos\u00a0durante m\u00e1s de 17 a\u00f1os.\u00a0<strong>En este tiempo, no lo hizo dimitir ni la p\u00e9rdida de la mayor\u00eda parlamentaria, ni estar inmerso en cinco procesos judiciales por inducci\u00f3n a la prostituci\u00f3n de menores y fraude fiscal<\/strong>. Fueron las presiones de la Uni\u00f3n Europea por la grave crisis econ\u00f3mica, las que hicieron que el ahora ex primer ministro dejara el poder.<\/p>\n<p style=\"text-align: justify;\">La situaci\u00f3n econ\u00f3mica\u00a0y financiera de Italia es tan delicada que, seg\u00fan dijo ayer el presidente del Consejo Europeo, Herman Van Rumpuy, no hay tiempo que perder en el juego electoral. \u201cUn voto positivo al paquete, eso es lo que los mercados esperan, eso es lo que el resto de Europa espera. Hay m\u00e1s que hacer: el pa\u00eds necesita reformas no elecciones\u201d, dijo el funcionario de la UE.<\/p>\n<p style=\"text-align: justify;\">Antes de la crucial votaci\u00f3n en el Parlamento italiano, en la que se aprob\u00f3 el paquete de ayuda para enfrentar la crisis, Van Rumpuy dej\u00f3 en claro su posici\u00f3n y afirm\u00f3 que \u201ccuando digo que Europa espera no me refiero a los funcionarios de Bruselas, quiero decir que los europeos esperan eso. Todo el mundo. Una abuela en Madrid, un peque\u00f1o empresario en Viena, un empleado en Luxemburgo o Estonia. Todos saben que, indirectamente, sus puestos de trabajo, pensiones o ahorros se pueden ver afectados por lo que decida este pa\u00eds\u00bb.<\/p>\n<p style=\"text-align: justify;\"><strong>Europa, avocada \u00fanicamente a lidiar con la crisis financiera y a salvar al euro, se amenazada por los capitales especulativos que hicieron que Italia tuviera que elevar la rentabilidad de sus bonos hasta el 7 por ciento.<\/strong> El mismo nivel que hizo necesario el rescate a Grecia, Irlanda y Portugal.<\/p>\n<p style=\"text-align: justify;\">En tanto, mientras se esperaba la renuncia de \u201cIl Cavalieri\u201d,<strong> cientos de personas salieron a las calles de Roma a pedir que Bersluconi deje el poder. Muchos se fueron <\/strong>congregando en torno al Palacio dela Presidencia, el Quirinale, y la sede del Ejecutivo, el Palacio Chigi.<\/p>\n<p style=\"text-align: justify;\">Con banderas con los colores de Italia (verde, blanco y rojo), cientos de manifestantes han salido ante las sedes instituciones oficiales de la capital, desde el Parlamento hasta la sede de la presidencia, para despedir una era, marcada por los esc\u00e1ndalos y la crisis econ\u00f3mica.<\/p>\n<p style=\"text-align: justify;\">Entre las pancartas\u00a0brillan aquellas que rezan \u00ab\u00a1Bye-bye Silvio!\u00bb o que simplemente llevan escrito una palabra: \u00ab\u00a1Desaparece!\u00bb y \u00abPor fin!\u00bb. <strong>\u00abEs algo que me ha dolido profundamente\u00bb, declar\u00f3 rodeado por dirigentes de su partido, el Pueblo dela Libertad, poco antes de trasladarse al Palacio del Qurinale.<\/strong><\/p>\n<p style=\"text-align: justify;\">Frente al Palacio Chigi, sede del gobierno, y Montecitorio, la sede del Parlamento, desfilaron personas de todas las edades, j\u00f3venes y adultos, muchas vestidas de violeta, el color de la oposici\u00f3n independiente, que combate desde hace a\u00f1os al gobierno de derecha y su controvertido estilo de manejar las riendas del poder, repartir favores y concebir a las mujeres.<\/p>\n<p style=\"text-align: justify;\"><strong>\u00abQue se vaya a su casa y que no regrese nunca m\u00e1s\u00bb,<\/strong> gritaba una manifestante mujer en medio de los gritos y silbidos. Ante la sede de la presidencia, donde Berlusconi deber\u00e1 presentarse oficialmente para entregar su dimisi\u00f3n, seg\u00fan el protocolo de una Rep\u00fablica parlamentaria como la italiana, una orquesta y su coro, que se form\u00f3 a trav\u00e9s de Internet, entona emocionantes \u00e1reas de m\u00fasica cl\u00e1sica, entre ellas el \u00abAleluya\u00bb de Haendel.<\/p>\n","protected":false},"excerpt":{"rendered":"<p>El primer ministro italiano formaliz\u00f3 su dimisi\u00f3n en un encuentro que mantuvo con el presidente, Giorgio Napolitano. Lo hizo tras la aprobaci\u00f3n en el Parlamento de ese pa\u00eds\u00a0del plan de ajuste para hacer frente la crisis. Il Cavalieri se convirti\u00f3 as\u00ed en el segundo l\u00edder pol\u00edtico que cae por la aguda debacle financiera que acorrala&hellip;<\/p>\n","protected":false},"author":1,"featured_media":0,"comment_status":"open","ping_status":"open","sticky":false,"template":"","format":"standard","meta":{"footnotes":""},"categories":[18],"tags":[9115,9116,1005,9117,8469,547,712],"class_list":["post-18620","post","type-post","status-publish","format-standard","hentry","category-internacionales","tag-giorgio-napolitano","tag-il-cavalieri","tag-italia","tag-italianos","tag-parlamento","tag-presidente","tag-silvio-berlusconi"],"_links":{"self":[{"href":"https:\/\/www.elsindical.com.ar\/notas\/wp-json\/wp\/v2\/posts\/18620","targetHints":{"allow":["GET"]}}],"collection":[{"href":"https:\/\/www.elsindical.com.ar\/notas\/wp-json\/wp\/v2\/posts"}],"about":[{"href":"https:\/\/www.elsindical.com.ar\/notas\/wp-json\/wp\/v2\/types\/post"}],"author":[{"embeddable":true,"href":"https:\/\/www.elsindical.com.ar\/notas\/wp-json\/wp\/v2\/users\/1"}],"replies":[{"embeddable":true,"href":"https:\/\/www.elsindical.com.ar\/notas\/wp-json\/wp\/v2\/comments?post=18620"}],"version-history":[{"count":4,"href":"https:\/\/www.elsindical.com.ar\/notas\/wp-json\/wp\/v2\/posts\/18620\/revisions"}],"predecessor-version":[{"id":18625,"href":"https:\/\/www.elsindical.com.ar\/notas\/wp-json\/wp\/v2\/posts\/18620\/revisions\/18625"}],"wp:attachment":[{"href":"https:\/\/www.elsindical.com.ar\/notas\/wp-json\/wp\/v2\/media?parent=18620"}],"wp:term":[{"taxonomy":"category","embeddable":true,"href":"https:\/\/www.elsindical.com.ar\/notas\/wp-json\/wp\/v2\/categories?post=18620"},{"taxonomy":"post_tag","embeddable":true,"href":"https:\/\/www.elsindical.com.ar\/notas\/wp-json\/wp\/v2\/tags?post=18620"}],"curies":[{"name":"wp","href":"https:\/\/api.w.org\/{rel}","templated":true}]}}