{"id":18569,"date":"2011-11-10T21:22:09","date_gmt":"2011-11-11T00:22:09","guid":{"rendered":"http:\/\/www.elsindical.com.ar\/notas\/?p=18569"},"modified":"2011-11-10T21:22:09","modified_gmt":"2011-11-11T00:22:09","slug":"el-consejo-de-la-magistratura-aprobo-ternas-para-cubrir-vacantes-en-los-juzgados-federales","status":"publish","type":"post","link":"https:\/\/www.elsindical.com.ar\/notas\/el-consejo-de-la-magistratura-aprobo-ternas-para-cubrir-vacantes-en-los-juzgados-federales\/","title":{"rendered":"El Consejo de la Magistratura aprob\u00f3 ternas para cubrir vacantes en los juzgados federales"},"content":{"rendered":"<p style=\"text-align: justify;\"><em><a href=\"http:\/\/www.elsindical.com.ar\/notas\/var\/www\/html\/notas\/wp-content\/uploads\/2010\/02\/reuni\u00f3n-Consejo-de-la-Magis.jpg\"><img loading=\"lazy\" decoding=\"async\" class=\"alignleft size-full wp-image-3780\" title=\"reuni\u00f3n-Consejo-de-la-Magis\" src=\"http:\/\/www.elsindical.com.ar\/notas\/var\/www\/html\/notas\/wp-content\/uploads\/2010\/02\/reuni\u00f3n-Consejo-de-la-Magis.jpg\" alt=\"\" width=\"227\" height=\"136\" \/><\/a>Luego de una ardua discusi\u00f3n, el Plenario del Consejo de la Magistratura aprob\u00f3 las ternas para cubrir las vacantes en los juzgados en lo criminal y correccional federal 2, 7, 8 y 9 de esta capital. Ahora, las nominaciones ser\u00e1n puestas a consideraci\u00f3n del Poder Ejecutivo.<\/em><\/p>\n<p style=\"text-align: justify;\">El Consejo de la Magistratura de la Naci\u00f3n aprob\u00f3 en su reuni\u00f3n de esta tarde el concurso para cubrir las vacantes en los juzgados en lo criminal y correccional federal 2, 7, 8 y 9 de esta capital.<\/p>\n<p>El orden de m\u00e9rito de los seis postulantes de los cuales el Poder Ejecutivo Nacional (PEN) deber\u00e1 seleccionar cuatro para remitirlos para su aprobaci\u00f3n al Senado Nacional es: 1) Marcelo Mart\u00ednez De Giorgi, 2) Juan Pablo Salas, 3) Marcelo Goldberg, 4) Luis Rodr\u00edguez, 5) Sebasti\u00e1n Ramos y 6) Sebasti\u00e1n Casanello.<\/p>\n<p>Por la aprobaci\u00f3n de los candidatos y el orden de m\u00e9rito votaron el presidente Mario Fera, Alejandro Fargosi (abogado), el juez Alejandro S\u00e1nchez Freytes, Hern\u00e1n Ordiales (representante del PEN), los diputados Carlos Moreno y Stella Maris C\u00f3rdoba, los senadores Marcelo Fuentes y Ada Rosa Iturrez, y el acad\u00e9mico Manuel Urriza. En disidencia lo hicieron el senador Mario Cimadevilla, el diputado Oscar Aguad, el camarista Ricardo Recondo y el abogado Daniel Ostropolsky.<\/p>\n","protected":false},"excerpt":{"rendered":"<p>Luego de una ardua discusi\u00f3n, el Plenario del Consejo de la Magistratura aprob\u00f3 las ternas para cubrir las vacantes en los juzgados en lo criminal y correccional federal 2, 7, 8 y 9 de esta capital. Ahora, las nominaciones ser\u00e1n puestas a consideraci\u00f3n del Poder Ejecutivo. El Consejo de la Magistratura de la Naci\u00f3n aprob\u00f3&hellip;<\/p>\n","protected":false},"author":1,"featured_media":0,"comment_status":"open","ping_status":"open","sticky":false,"template":"","format":"standard","meta":{"footnotes":""},"categories":[20],"tags":[776,9093,7866,186,1056,274,9094,3784,9092],"class_list":["post-18569","post","type-post","status-publish","format-standard","hentry","category-judiciales","tag-consejo-de-la-magistratura","tag-correccional","tag-criminal","tag-federal","tag-jueces","tag-juzgados","tag-nominaciones","tag-plenario","tag-ternas"],"_links":{"self":[{"href":"https:\/\/www.elsindical.com.ar\/notas\/wp-json\/wp\/v2\/posts\/18569","targetHints":{"allow":["GET"]}}],"collection":[{"href":"https:\/\/www.elsindical.com.ar\/notas\/wp-json\/wp\/v2\/posts"}],"about":[{"href":"https:\/\/www.elsindical.com.ar\/notas\/wp-json\/wp\/v2\/types\/post"}],"author":[{"embeddable":true,"href":"https:\/\/www.elsindical.com.ar\/notas\/wp-json\/wp\/v2\/users\/1"}],"replies":[{"embeddable":true,"href":"https:\/\/www.elsindical.com.ar\/notas\/wp-json\/wp\/v2\/comments?post=18569"}],"version-history":[{"count":2,"href":"https:\/\/www.elsindical.com.ar\/notas\/wp-json\/wp\/v2\/posts\/18569\/revisions"}],"predecessor-version":[{"id":18571,"href":"https:\/\/www.elsindical.com.ar\/notas\/wp-json\/wp\/v2\/posts\/18569\/revisions\/18571"}],"wp:attachment":[{"href":"https:\/\/www.elsindical.com.ar\/notas\/wp-json\/wp\/v2\/media?parent=18569"}],"wp:term":[{"taxonomy":"category","embeddable":true,"href":"https:\/\/www.elsindical.com.ar\/notas\/wp-json\/wp\/v2\/categories?post=18569"},{"taxonomy":"post_tag","embeddable":true,"href":"https:\/\/www.elsindical.com.ar\/notas\/wp-json\/wp\/v2\/tags?post=18569"}],"curies":[{"name":"wp","href":"https:\/\/api.w.org\/{rel}","templated":true}]}}