{"id":18547,"date":"2011-11-10T01:21:42","date_gmt":"2011-11-10T04:21:42","guid":{"rendered":"http:\/\/www.elsindical.com.ar\/notas\/?p=18547"},"modified":"2011-11-10T01:21:42","modified_gmt":"2011-11-10T04:21:42","slug":"la-camara-baja-dio-via-libre-al-pronunciamiento-que-incorpora-la-infertilidad-como-enfermedad","status":"publish","type":"post","link":"https:\/\/www.elsindical.com.ar\/notas\/la-camara-baja-dio-via-libre-al-pronunciamiento-que-incorpora-la-infertilidad-como-enfermedad\/","title":{"rendered":"La C\u00e1mara baja dio v\u00eda libre al pronunciamiento que incorpora la infertilidad como enfermedad"},"content":{"rendered":"<p style=\"text-align: justify;\"><em><a href=\"http:\/\/www.elsindical.com.ar\/notas\/var\/www\/html\/notas\/wp-content\/uploads\/2011\/11\/tratamientos-infertilidad.jpg\"><img loading=\"lazy\" decoding=\"async\" class=\"alignleft size-medium wp-image-18548\" title=\"tratamientos-infertilidad\" src=\"http:\/\/www.elsindical.com.ar\/notas\/var\/www\/html\/notas\/wp-content\/uploads\/2011\/11\/tratamientos-infertilidad-300x217.jpg\" alt=\"\" width=\"300\" height=\"217\" srcset=\"https:\/\/www.elsindical.com.ar\/notas\/var\/www\/html\/notas\/wp-content\/uploads\/2011\/11\/tratamientos-infertilidad-300x217.jpg 300w, https:\/\/www.elsindical.com.ar\/notas\/var\/www\/html\/notas\/wp-content\/uploads\/2011\/11\/tratamientos-infertilidad.jpg 325w\" sizes=\"auto, (max-width: 300px) 100vw, 300px\" \/><\/a>La iniciativa ya fue aprobado en las comisiones de Salud, Familia y Legislaci\u00f3n General, por lo que est\u00e1 en condiciones de ser discutido antes de fin de a\u00f1o. Obliga a brindar \u00abla atenci\u00f3n, el diagn\u00f3stico y el tratamiento de la infertilidad mediante la aplicaci\u00f3n de t\u00e9cnicas de fertilizaci\u00f3n asistida y los f\u00e1rmacos que \u00e9sta requiera\u00bb.<\/em><\/p>\n<p style=\"text-align: justify;\">Un proyecto que incorpora al Programa M\u00e9dico Obligatorio la infertilidad como enfermedad y la obligaci\u00f3n de aplicar t\u00e9cnicas de fertilizaci\u00f3n asistida, recibi\u00f3 dictamen favorable en la comisi\u00f3n de Presupuesto de la C\u00e1mara de Diputados y qued\u00f3 habilitado para ser discutido en el recinto.<\/p>\n<p>La iniciativa, que se consensu\u00f3 en base a un proyecto de la diputada del PRO Silvia Majdalani, ya fue aprobado en las comisiones de Salud, Familia y Legislaci\u00f3n General, por lo que est\u00e1 en condiciones de ser discutido antes de fin de a\u00f1o.<\/p>\n<p>La norma obliga a brindar \u00abla atenci\u00f3n, el diagn\u00f3stico y el tratamiento de la infertilidad mediante la aplicaci\u00f3n de t\u00e9cnicas de fertilizaci\u00f3n asistida y los f\u00e1rmacos que \u00e9sta requiera\u00bb.<\/p>\n<p>La mayor\u00eda de los miembros de la comisi\u00f3n de Presupuesto, que preside el kirchnerista Gustavo Marconatto, dio su apoyo a la iniciativa, que se analiz\u00f3 despu\u00e9s de debatir casi cuatro horas el proyecto de Presupuesto.<\/p>\n<p>\u00abSe define como infertilidad al resultado del coito durante un a\u00f1o sin protecci\u00f3n anticonceptiva y sin que se produzca un embarazo\u00bb, determina adem\u00e1s el texto.<\/p>\n<p>El proyecto advierte tambi\u00e9n que la \u00abobligatoriedad\u00bb de la cobertura es exigible \u00abs\u00f3lo por los pacientes que no tengan hijos fruto de la uni\u00f3n de esa pareja\u00bb.<\/p>\n<p>Tambi\u00e9n incluye la atenci\u00f3n por \u00abpotenciales efectos adversos que produzca el tratamiento y\/o asistencia psicol\u00f3gica que el m\u00e9dico interviniente considere apropiada\u00bb.<\/p>\n<p>El dictamen aprobado no especifica si el alcance del proyecto es para matrimonios legalmente constituidos o incluye a aquellas parejas que viven en concubinato.<\/p>\n<p>El proyecto fue consensuado luego de debates en varias comisiones y tras varios a\u00f1os de haber sido presentado como proyecto.<\/p>\n","protected":false},"excerpt":{"rendered":"<p>La iniciativa ya fue aprobado en las comisiones de Salud, Familia y Legislaci\u00f3n General, por lo que est\u00e1 en condiciones de ser discutido antes de fin de a\u00f1o. Obliga a brindar \u00abla atenci\u00f3n, el diagn\u00f3stico y el tratamiento de la infertilidad mediante la aplicaci\u00f3n de t\u00e9cnicas de fertilizaci\u00f3n asistida y los f\u00e1rmacos que \u00e9sta requiera\u00bb.&hellip;<\/p>\n","protected":false},"author":1,"featured_media":0,"comment_status":"open","ping_status":"open","sticky":false,"template":"","format":"standard","meta":{"footnotes":""},"categories":[23],"tags":[1128,1129,483,2543,2997,4554],"class_list":["post-18547","post","type-post","status-publish","format-standard","hentry","category-salud","tag-camara-baja","tag-comisiones","tag-enfermedad","tag-infertilidad","tag-proyecto-de-ley","tag-sancion"],"_links":{"self":[{"href":"https:\/\/www.elsindical.com.ar\/notas\/wp-json\/wp\/v2\/posts\/18547","targetHints":{"allow":["GET"]}}],"collection":[{"href":"https:\/\/www.elsindical.com.ar\/notas\/wp-json\/wp\/v2\/posts"}],"about":[{"href":"https:\/\/www.elsindical.com.ar\/notas\/wp-json\/wp\/v2\/types\/post"}],"author":[{"embeddable":true,"href":"https:\/\/www.elsindical.com.ar\/notas\/wp-json\/wp\/v2\/users\/1"}],"replies":[{"embeddable":true,"href":"https:\/\/www.elsindical.com.ar\/notas\/wp-json\/wp\/v2\/comments?post=18547"}],"version-history":[{"count":1,"href":"https:\/\/www.elsindical.com.ar\/notas\/wp-json\/wp\/v2\/posts\/18547\/revisions"}],"predecessor-version":[{"id":18549,"href":"https:\/\/www.elsindical.com.ar\/notas\/wp-json\/wp\/v2\/posts\/18547\/revisions\/18549"}],"wp:attachment":[{"href":"https:\/\/www.elsindical.com.ar\/notas\/wp-json\/wp\/v2\/media?parent=18547"}],"wp:term":[{"taxonomy":"category","embeddable":true,"href":"https:\/\/www.elsindical.com.ar\/notas\/wp-json\/wp\/v2\/categories?post=18547"},{"taxonomy":"post_tag","embeddable":true,"href":"https:\/\/www.elsindical.com.ar\/notas\/wp-json\/wp\/v2\/tags?post=18547"}],"curies":[{"name":"wp","href":"https:\/\/api.w.org\/{rel}","templated":true}]}}