{"id":18517,"date":"2011-11-09T19:58:43","date_gmt":"2011-11-09T22:58:43","guid":{"rendered":"http:\/\/www.elsindical.com.ar\/notas\/?p=18517"},"modified":"2011-11-09T19:58:43","modified_gmt":"2011-11-09T22:58:43","slug":"la-justicia-rechazo-liberar-a-los-condenados-por-el-encubrimiento-del-asesinato","status":"publish","type":"post","link":"https:\/\/www.elsindical.com.ar\/notas\/la-justicia-rechazo-liberar-a-los-condenados-por-el-encubrimiento-del-asesinato\/","title":{"rendered":"La Justicia rechaz\u00f3 liberar a los condenados por el encubrimiento del asesinato"},"content":{"rendered":"<p style=\"text-align: justify;\"><em><a href=\"http:\/\/www.elsindical.com.ar\/notas\/var\/www\/html\/notas\/wp-content\/uploads\/2011\/11\/condenados-encubrimiento.jpg\"><img loading=\"lazy\" decoding=\"async\" class=\"alignleft size-medium wp-image-18518\" title=\"condenados-encubrimiento\" src=\"http:\/\/www.elsindical.com.ar\/notas\/var\/www\/html\/notas\/wp-content\/uploads\/2011\/11\/condenados-encubrimiento-300x225.jpg\" alt=\"\" width=\"300\" height=\"225\" srcset=\"https:\/\/www.elsindical.com.ar\/notas\/var\/www\/html\/notas\/wp-content\/uploads\/2011\/11\/condenados-encubrimiento-300x225.jpg 300w, https:\/\/www.elsindical.com.ar\/notas\/var\/www\/html\/notas\/wp-content\/uploads\/2011\/11\/condenados-encubrimiento.jpg 325w\" sizes=\"auto, (max-width: 300px) 100vw, 300px\" \/><\/a>La Sala I de la <strong>C\u00e1mara Penal de San Isidro<\/strong> rechaz\u00f3 los pedidos de h\u00e1beas corpus que hab\u00edan presentado los abogados de los cinco condenados el viernes pasado. Los Jueces declararon que el recurso empleado es \u00ab<strong>inadmisible<\/strong>\u00bb para esta etapa del proceso.<\/em><\/p>\n<p style=\"text-align: justify;\">La Justicia rechaz\u00f3 excarcelar a Sergio Rafael Binello, Gillermo B\u00e1rtoli, Horacio Garc\u00eda Belsunce, Juan Ram\u00f3n Gauvry Gordon y Juan Carlos Hurtig, todos condenados y detenidos por encubrir el asesinato de Mar\u00eda Marta Garc\u00eda Belsunce en octubre de 2002.<\/p>\n<p>Los abogados de los detenidos hab\u00edan coincidido en presentar un recurso de h\u00e1beas corpus, remedio procesal que fue considerado \u00abinadmisible\u00bb por los Jueces <strong>Ernesto Garc\u00eda Maa\u00f1\u00f3n<\/strong>, <strong>Oscar Quintana<\/strong> y <strong>Carlos Fabi\u00e1n Blanco. <\/strong><\/p>\n","protected":false},"excerpt":{"rendered":"<p>La Sala I de la C\u00e1mara Penal de San Isidro rechaz\u00f3 los pedidos de h\u00e1beas corpus que hab\u00edan presentado los abogados de los cinco condenados el viernes pasado. Los Jueces declararon que el recurso empleado es \u00abinadmisible\u00bb para esta etapa del proceso. La Justicia rechaz\u00f3 excarcelar a Sergio Rafael Binello, Gillermo B\u00e1rtoli, Horacio Garc\u00eda Belsunce,&hellip;<\/p>\n","protected":false},"author":1,"featured_media":0,"comment_status":"open","ping_status":"open","sticky":false,"template":"","format":"standard","meta":{"footnotes":""},"categories":[20],"tags":[9059,515,9057,1056,9058],"class_list":["post-18517","post","type-post","status-publish","format-standard","hentry","category-judiciales","tag-camara-penal-de-san-isidro","tag-condenados","tag-ernesto-garcia-maanon","tag-jueces","tag-oscar-quintana-y-carlos-fabian-blanco"],"_links":{"self":[{"href":"https:\/\/www.elsindical.com.ar\/notas\/wp-json\/wp\/v2\/posts\/18517","targetHints":{"allow":["GET"]}}],"collection":[{"href":"https:\/\/www.elsindical.com.ar\/notas\/wp-json\/wp\/v2\/posts"}],"about":[{"href":"https:\/\/www.elsindical.com.ar\/notas\/wp-json\/wp\/v2\/types\/post"}],"author":[{"embeddable":true,"href":"https:\/\/www.elsindical.com.ar\/notas\/wp-json\/wp\/v2\/users\/1"}],"replies":[{"embeddable":true,"href":"https:\/\/www.elsindical.com.ar\/notas\/wp-json\/wp\/v2\/comments?post=18517"}],"version-history":[{"count":2,"href":"https:\/\/www.elsindical.com.ar\/notas\/wp-json\/wp\/v2\/posts\/18517\/revisions"}],"predecessor-version":[{"id":18520,"href":"https:\/\/www.elsindical.com.ar\/notas\/wp-json\/wp\/v2\/posts\/18517\/revisions\/18520"}],"wp:attachment":[{"href":"https:\/\/www.elsindical.com.ar\/notas\/wp-json\/wp\/v2\/media?parent=18517"}],"wp:term":[{"taxonomy":"category","embeddable":true,"href":"https:\/\/www.elsindical.com.ar\/notas\/wp-json\/wp\/v2\/categories?post=18517"},{"taxonomy":"post_tag","embeddable":true,"href":"https:\/\/www.elsindical.com.ar\/notas\/wp-json\/wp\/v2\/tags?post=18517"}],"curies":[{"name":"wp","href":"https:\/\/api.w.org\/{rel}","templated":true}]}}