{"id":18468,"date":"2011-11-09T00:50:34","date_gmt":"2011-11-09T03:50:34","guid":{"rendered":"http:\/\/www.elsindical.com.ar\/notas\/?p=18468"},"modified":"2011-11-09T00:50:34","modified_gmt":"2011-11-09T03:50:34","slug":"la-platapresos-denuncian-que-los-obligaban-a-salir-a-robar","status":"publish","type":"post","link":"https:\/\/www.elsindical.com.ar\/notas\/la-platapresos-denuncian-que-los-obligaban-a-salir-a-robar\/","title":{"rendered":"La Plata:Presos denuncian que los obligaban a salir a robar"},"content":{"rendered":"<p style=\"text-align: justify;\"><em><a href=\"http:\/\/www.elsindical.com.ar\/notas\/var\/www\/html\/notas\/wp-content\/uploads\/2011\/11\/Fiscal-Virginia-Bravo.jpg\"><img loading=\"lazy\" decoding=\"async\" class=\"alignleft size-full wp-image-18469\" title=\"Fiscal-Virginia-Bravo\" src=\"http:\/\/www.elsindical.com.ar\/notas\/var\/www\/html\/notas\/wp-content\/uploads\/2011\/11\/Fiscal-Virginia-Bravo.jpg\" alt=\"\" width=\"295\" height=\"272\" \/><\/a>Una Fiscal de La Plata investiga si presos de la unidad penitenciaria 45, de la localidad de Melchor Romero, eran obligados por sus guardiac\u00e1rceles a salir a robar vestidos de polic\u00edas. La investigaci\u00f3n est\u00e1 a cargo de la Fiscal Virginia Bravo, que d\u00edas atr\u00e1s recibi\u00f3 la denuncia del Comit\u00e9 Provincial contra la Tortura sobre un grupo de presos de ese penal que eran instigados a delinquir por personal penitenciario de esa unidad.<\/em><\/p>\n<p>Ante la denuncia, el Ministerio de Justicia y Seguridad resolvi\u00f3 hoy constituir en esa c\u00e1rcel el \u00e1rea de Asuntos Internos Penitenciarios \u201cpara contribuir en la investigaci\u00f3n para determinar la veracidad de los hechos\u201d.<\/p>\n<p>Adem\u00e1s, se dispuso que el Director General de Seguridad del Servicio Penitenciario, Rub\u00e9n Mazeo, \u201cfije su asiento laboral en la misma unidad\u201d.<\/p>\n<p>Los voceros judiciales precisaron que \u00abla Fiscal concurri\u00f3 ayer al penal y se entrevist\u00f3 con los cuatro presos que efectuaron la denuncia, quienes ratificaron sus dichos\u00bb.<\/p>\n<p>Seg\u00fan relataron a la Fiscal, personal penitenciario les provey\u00f3 uniformes policiales, autos particulares y armas para que cometan robos en Capital Federal. Los presos detallaron que robaron veh\u00edculos de alta gama y en domicilios de donde sustrajeron hasta 30.000 d\u00f3lares, alhajas y electrodom\u00e9sticos.<\/p>\n<p>Los detenidos dijeron a la Fiscal que tienen fotos, tomadas con tel\u00e9fonos celulares, del personal del penal junto a los objetos robados y de ellos mismos vistiendo uniforme policial.<\/p>\n<p>La Fiscal solicit\u00f3 a la Polic\u00eda Federal que informe si en las fechas aludidas por los presos se cometieron robos de las caracter\u00edsticas detalladas por los presos. Los reclusos denunciaron que tras haber manifestado esta situaci\u00f3n ante el Comit\u00e9 provincial contra la torturas recibieron una paliza, pero los peritos m\u00e9dicos no constataron lesiones recientes.<\/p>\n","protected":false},"excerpt":{"rendered":"<p>Una Fiscal de La Plata investiga si presos de la unidad penitenciaria 45, de la localidad de Melchor Romero, eran obligados por sus guardiac\u00e1rceles a salir a robar vestidos de polic\u00edas. La investigaci\u00f3n est\u00e1 a cargo de la Fiscal Virginia Bravo, que d\u00edas atr\u00e1s recibi\u00f3 la denuncia del Comit\u00e9 Provincial contra la Tortura sobre un&hellip;<\/p>\n","protected":false},"author":1,"featured_media":0,"comment_status":"open","ping_status":"open","sticky":false,"template":"","format":"standard","meta":{"footnotes":""},"categories":[19],"tags":[9039,6591,8804],"class_list":["post-18468","post","type-post","status-publish","format-standard","hentry","category-intramuros","tag-comite-provincial-contra-la-tortura","tag-fiscal-virginia-bravo","tag-melchor-romero"],"_links":{"self":[{"href":"https:\/\/www.elsindical.com.ar\/notas\/wp-json\/wp\/v2\/posts\/18468","targetHints":{"allow":["GET"]}}],"collection":[{"href":"https:\/\/www.elsindical.com.ar\/notas\/wp-json\/wp\/v2\/posts"}],"about":[{"href":"https:\/\/www.elsindical.com.ar\/notas\/wp-json\/wp\/v2\/types\/post"}],"author":[{"embeddable":true,"href":"https:\/\/www.elsindical.com.ar\/notas\/wp-json\/wp\/v2\/users\/1"}],"replies":[{"embeddable":true,"href":"https:\/\/www.elsindical.com.ar\/notas\/wp-json\/wp\/v2\/comments?post=18468"}],"version-history":[{"count":1,"href":"https:\/\/www.elsindical.com.ar\/notas\/wp-json\/wp\/v2\/posts\/18468\/revisions"}],"predecessor-version":[{"id":18470,"href":"https:\/\/www.elsindical.com.ar\/notas\/wp-json\/wp\/v2\/posts\/18468\/revisions\/18470"}],"wp:attachment":[{"href":"https:\/\/www.elsindical.com.ar\/notas\/wp-json\/wp\/v2\/media?parent=18468"}],"wp:term":[{"taxonomy":"category","embeddable":true,"href":"https:\/\/www.elsindical.com.ar\/notas\/wp-json\/wp\/v2\/categories?post=18468"},{"taxonomy":"post_tag","embeddable":true,"href":"https:\/\/www.elsindical.com.ar\/notas\/wp-json\/wp\/v2\/tags?post=18468"}],"curies":[{"name":"wp","href":"https:\/\/api.w.org\/{rel}","templated":true}]}}