{"id":18465,"date":"2011-11-09T00:40:06","date_gmt":"2011-11-09T03:40:06","guid":{"rendered":"http:\/\/www.elsindical.com.ar\/notas\/?p=18465"},"modified":"2011-11-09T00:40:06","modified_gmt":"2011-11-09T03:40:06","slug":"la-platatoman-muestras-de-sangre-a-17-policias-por-un-triple-crimen","status":"publish","type":"post","link":"https:\/\/www.elsindical.com.ar\/notas\/la-platatoman-muestras-de-sangre-a-17-policias-por-un-triple-crimen\/","title":{"rendered":"La Plata:Toman muestras de sangre a 17 polic\u00edas por un triple crimen"},"content":{"rendered":"<p style=\"text-align: justify;\"><em><a href=\"http:\/\/www.elsindical.com.ar\/notas\/var\/www\/html\/notas\/wp-content\/uploads\/2011\/11\/triple-crimen-policias-La-P.jpg\"><img loading=\"lazy\" decoding=\"async\" class=\"alignleft size-medium wp-image-18466\" title=\"triple-crimen-policias-La-P\" src=\"http:\/\/www.elsindical.com.ar\/notas\/var\/www\/html\/notas\/wp-content\/uploads\/2011\/11\/triple-crimen-policias-La-P-300x224.jpg\" alt=\"\" width=\"300\" height=\"224\" srcset=\"https:\/\/www.elsindical.com.ar\/notas\/var\/www\/html\/notas\/wp-content\/uploads\/2011\/11\/triple-crimen-policias-La-P-300x224.jpg 300w, https:\/\/www.elsindical.com.ar\/notas\/var\/www\/html\/notas\/wp-content\/uploads\/2011\/11\/triple-crimen-policias-La-P.jpg 325w\" sizes=\"auto, (max-width: 300px) 100vw, 300px\" \/><\/a>Diecisiete polic\u00edas bonaerenses ser\u00e1n sometidos a extracci\u00f3n de sangre para comparar sus perfiles gen\u00e9ticos con el ADN hallado en la escena del triple crimen de polic\u00edas cometido la planta transmisora del Ministerio de Seguridad bonaerense, en La Plata, en octubre de 2007. La medida la dispuso el Fiscal de Delitos Complejos de La Plata, Esteban Lombardo, con el fin de descartar que sea de alguno de ellos la sangre encontrada en la planta y en la camioneta patrullero en la que huyeron los homicidas.<\/em><\/p>\n<p>Es que el perfil gen\u00e9tico hallado por los peritos es \u00abmasculino e incompleto\u00bb, por lo que no es posible confirmar a qui\u00e9n pertenece pero s\u00ed descartar, precis\u00f3 el fiscal.<\/p>\n<p>Fuentes judiciales revelaron que 15 de estos efectivos manifestaron estar dispuestos a esta extracci\u00f3n cuando declararon como testigos. La causa por el triple crimen del sargento Pedro Germ\u00e1n D\u00edaz (45), y los oficiales Ricardo Torres Barbosa (26) y Alejandro Rub\u00e9n Vatalaro (27), se encuentra actualmente dividida en dos.<\/p>\n<p>Por un lado, el 3 de octubre \u00faltimo, la Justicia de Garant\u00edas de La Plata resolvi\u00f3 enviar a juicio oral al ex polic\u00eda Marcos Ezequiel Casetti, quien confes\u00f3 el hecho e involucr\u00f3 a Mariano Filipi Medina y a Fernando Dar\u00edo Maciel.<\/p>\n<p>El primero de los dos mencionados por Casetti fue detenido en julio es este a\u00f1o en la provincia de Corrientes mientras que Maciel permanece pr\u00f3fugo y se encontrar\u00eda fuera del pa\u00eds, seg\u00fan sospechan los investigadores.<\/p>\n<p>De acuerdo a los pesquisas, Filipi Medina hab\u00eda sido buscado unos meses antes en la zona de la localidad bonaerense de San Nicol\u00e1s pero sin resultado, hasta que despu\u00e9s fue localizado en territorio correntino a partir del rastreo de llamadas telef\u00f3nicas.<\/p>\n<p>Por la captura de Filipi Medina, hijo de un ex agente del Servicio Penitenciario bonaerense, el gobierno provincial hab\u00eda ofrecido en febrero una recompensa de entre 20.000 y 70.000 pesos.<\/p>\n<p>El triple crimen de los polic\u00edas ocurri\u00f3 en octubre del 2007 en la planta transmisora del Ministerio de Seguridad, en la localidad platense de Arana, donde las v\u00edctimas prestaban servicios. Tras asesinar a cuchillazos y balazos a los tres efectivos, los homicidas escaparon en una camioneta Chevrolet LUV de la polic\u00eda la que abandonaron en las calles 145 entre 45 y 46 de La Plata.<\/p>\n","protected":false},"excerpt":{"rendered":"<p>Diecisiete polic\u00edas bonaerenses ser\u00e1n sometidos a extracci\u00f3n de sangre para comparar sus perfiles gen\u00e9ticos con el ADN hallado en la escena del triple crimen de polic\u00edas cometido la planta transmisora del Ministerio de Seguridad bonaerense, en La Plata, en octubre de 2007. La medida la dispuso el Fiscal de Delitos Complejos de La Plata, Esteban&hellip;<\/p>\n","protected":false},"author":1,"featured_media":0,"comment_status":"open","ping_status":"open","sticky":false,"template":"","format":"standard","meta":{"footnotes":""},"categories":[20],"tags":[1418,9038,9037,239],"class_list":["post-18465","post","type-post","status-publish","format-standard","hentry","category-judiciales","tag-adn","tag-esteban-lombardo","tag-fiscal-de-delitos-complejos","tag-la-plata"],"_links":{"self":[{"href":"https:\/\/www.elsindical.com.ar\/notas\/wp-json\/wp\/v2\/posts\/18465","targetHints":{"allow":["GET"]}}],"collection":[{"href":"https:\/\/www.elsindical.com.ar\/notas\/wp-json\/wp\/v2\/posts"}],"about":[{"href":"https:\/\/www.elsindical.com.ar\/notas\/wp-json\/wp\/v2\/types\/post"}],"author":[{"embeddable":true,"href":"https:\/\/www.elsindical.com.ar\/notas\/wp-json\/wp\/v2\/users\/1"}],"replies":[{"embeddable":true,"href":"https:\/\/www.elsindical.com.ar\/notas\/wp-json\/wp\/v2\/comments?post=18465"}],"version-history":[{"count":1,"href":"https:\/\/www.elsindical.com.ar\/notas\/wp-json\/wp\/v2\/posts\/18465\/revisions"}],"predecessor-version":[{"id":18467,"href":"https:\/\/www.elsindical.com.ar\/notas\/wp-json\/wp\/v2\/posts\/18465\/revisions\/18467"}],"wp:attachment":[{"href":"https:\/\/www.elsindical.com.ar\/notas\/wp-json\/wp\/v2\/media?parent=18465"}],"wp:term":[{"taxonomy":"category","embeddable":true,"href":"https:\/\/www.elsindical.com.ar\/notas\/wp-json\/wp\/v2\/categories?post=18465"},{"taxonomy":"post_tag","embeddable":true,"href":"https:\/\/www.elsindical.com.ar\/notas\/wp-json\/wp\/v2\/tags?post=18465"}],"curies":[{"name":"wp","href":"https:\/\/api.w.org\/{rel}","templated":true}]}}