{"id":18451,"date":"2011-11-08T23:54:21","date_gmt":"2011-11-09T02:54:21","guid":{"rendered":"http:\/\/www.elsindical.com.ar\/notas\/?p=18451"},"modified":"2011-11-09T14:41:12","modified_gmt":"2011-11-09T17:41:12","slug":"entrevista-al-dr-hector-pedro-recalde","status":"publish","type":"post","link":"https:\/\/www.elsindical.com.ar\/notas\/entrevista-al-dr-hector-pedro-recalde\/","title":{"rendered":"Entrevista al Dr. H\u00e9ctor Pedro Recalde"},"content":{"rendered":"<p style=\"text-align: justify;\">\u00a0 <a href=\"http:\/\/www.elsindical.com.ar\/notas\/var\/www\/html\/notas\/wp-content\/uploads\/2011\/11\/Dr.H\u00e9ctor-Pedro-Recalde.jpg\"><img loading=\"lazy\" decoding=\"async\" class=\"alignleft size-medium wp-image-18452\" title=\"Dr.H\u00e9ctor-Pedro-Recalde\" src=\"http:\/\/www.elsindical.com.ar\/notas\/var\/www\/html\/notas\/wp-content\/uploads\/2011\/11\/Dr.H\u00e9ctor-Pedro-Recalde-300x200.jpg\" alt=\"\" width=\"300\" height=\"200\" srcset=\"https:\/\/www.elsindical.com.ar\/notas\/var\/www\/html\/notas\/wp-content\/uploads\/2011\/11\/Dr.H\u00e9ctor-Pedro-Recalde-300x200.jpg 300w, https:\/\/www.elsindical.com.ar\/notas\/var\/www\/html\/notas\/wp-content\/uploads\/2011\/11\/Dr.H\u00e9ctor-Pedro-Recalde.jpg 443w\" sizes=\"auto, (max-width: 300px) 100vw, 300px\" \/><\/a><em>El Dr. H\u00e9ctor Pedro Recalde es tal vez uno de los m\u00e1s prol\u00edficos legisladores en cuanto a proyectos de Ley en materia de legislaci\u00f3n laboral se refiere, pol\u00e9mico, resistido y temido por empresarios, un hombre de una vasta experiencia peronista, nos cuenta sobre sus \u00faltimos proyectos en la C\u00e1mara de diputados de la Naci\u00f3n y retoma un proyecto sobre maltrato laboral.<\/em><\/p>\n<p style=\"text-align: justify;\">El mi\u00e9rcoles se discutir\u00e1n dos proyectos de Ley presentados por el legislador del Frente Para la Victoria, que tendr\u00e1n un importante impacto en materia laboral, por un lado el llevar al fuero penal a quienes exploten a menores laboralmente, una situaci\u00f3n que adem\u00e1s de indigna atenta directamente contra los derechos humanos b\u00e1sicos de todo ser humano, y por el otro la modificaci\u00f3n al r\u00e9gimen de licencias, en el cual se intenta hacer que el padre del reci\u00e9n nacido tenga una participaci\u00f3n mayor en los primeros d\u00edas de vida y la discusi\u00f3n principal ser\u00e1 los d\u00edas de licencia que se le otorgaran a los padres, ya que el Senado redujo los d\u00edas acordados en diputados.<\/p>\n<p style=\"text-align: justify;\">Se intentar\u00e1 reflotar el proyecto sobre maltrato laboral y el a\u00f1o que viene el foco estar\u00e1 puesto en conseguir tratar y aprobar la participaci\u00f3n de los trabajadores en las ganancias de las empresas.<\/p>\n<p style=\"text-align: justify;\">Un pol\u00edtico de raza, un abogado con mucho para aportar y un legislador que sin dudas no pasar\u00e1 desapercibido en nuestra historia, una entrevista que es el comienzo de un canal de comunicaci\u00f3n de los trabajadores y sus legisladores, este medio se propone no solo ser un elemento de informaci\u00f3n para nuestros lectores, sino tambi\u00e9n de formaci\u00f3n en la defensa de los derechos de los trabajadores.<\/p>\n<p style=\"text-align: justify;\">AUDIO\u00a0<\/p>\n<p><object width=\"353\" height=\"132\" classid=\"clsid:d27cdb6e-ae6d-11cf-96b8-444553540000\" codebase=\"http:\/\/download.macromedia.com\/pub\/shockwave\/cabs\/flash\/swflash.cab#version=6,0,40,0\"><param name=\"src\" value=\"http:\/\/www.goear.com\/files\/external.swf?file=003064a\" \/><param name=\"wmode\" value=\"transparent\" \/><param name=\"quality\" value=\"high\" \/><embed width=\"353\" height=\"132\" type=\"application\/x-shockwave-flash\" src=\"http:\/\/www.goear.com\/files\/external.swf?file=003064a\" wmode=\"transparent\" quality=\"high\" \/><\/object><\/p>\n<p>VIDEO<iframe loading=\"lazy\" src=\"http:\/\/player.vimeo.com\/video\/31851756?title=0&amp;byline=0&amp;portrait=0\" width=\"400\" height=\"320\" frameborder=\"0\" webkitAllowFullScreen allowFullScreen><\/iframe><\/p>\n<p><a href=\"http:\/\/vimeo.com\/31851756\">Entrevista al Dr. H\u00e9ctor Pedro Recalde<\/a> from <a href=\"http:\/\/vimeo.com\/hawrylciw\">Marcelo Ricardo Hawrylciw<\/a> on <a href=\"http:\/\/vimeo.com\">Vimeo<\/a>.<\/p>\n<p>&nbsp;<\/p>\n<p>&nbsp;<\/p>\n","protected":false},"excerpt":{"rendered":"<p>\u00a0 El Dr. H\u00e9ctor Pedro Recalde es tal vez uno de los m\u00e1s prol\u00edficos legisladores en cuanto a proyectos de Ley en materia de legislaci\u00f3n laboral se refiere, pol\u00e9mico, resistido y temido por empresarios, un hombre de una vasta experiencia peronista, nos cuenta sobre sus \u00faltimos proyectos en la C\u00e1mara de diputados de la Naci\u00f3n&hellip;<\/p>\n","protected":false},"author":1,"featured_media":0,"comment_status":"open","ping_status":"open","sticky":false,"template":"","format":"standard","meta":{"footnotes":""},"categories":[1,16],"tags":[3012,9029,7712,332,4805],"class_list":["post-18451","post","type-post","status-publish","format-standard","hentry","category-destacadas","category-gremiales","tag-diputado","tag-dr-hector-pedro-recalde","tag-legislacion","tag-maltrato-laboral","tag-mobbing"],"_links":{"self":[{"href":"https:\/\/www.elsindical.com.ar\/notas\/wp-json\/wp\/v2\/posts\/18451","targetHints":{"allow":["GET"]}}],"collection":[{"href":"https:\/\/www.elsindical.com.ar\/notas\/wp-json\/wp\/v2\/posts"}],"about":[{"href":"https:\/\/www.elsindical.com.ar\/notas\/wp-json\/wp\/v2\/types\/post"}],"author":[{"embeddable":true,"href":"https:\/\/www.elsindical.com.ar\/notas\/wp-json\/wp\/v2\/users\/1"}],"replies":[{"embeddable":true,"href":"https:\/\/www.elsindical.com.ar\/notas\/wp-json\/wp\/v2\/comments?post=18451"}],"version-history":[{"count":4,"href":"https:\/\/www.elsindical.com.ar\/notas\/wp-json\/wp\/v2\/posts\/18451\/revisions"}],"predecessor-version":[{"id":18516,"href":"https:\/\/www.elsindical.com.ar\/notas\/wp-json\/wp\/v2\/posts\/18451\/revisions\/18516"}],"wp:attachment":[{"href":"https:\/\/www.elsindical.com.ar\/notas\/wp-json\/wp\/v2\/media?parent=18451"}],"wp:term":[{"taxonomy":"category","embeddable":true,"href":"https:\/\/www.elsindical.com.ar\/notas\/wp-json\/wp\/v2\/categories?post=18451"},{"taxonomy":"post_tag","embeddable":true,"href":"https:\/\/www.elsindical.com.ar\/notas\/wp-json\/wp\/v2\/tags?post=18451"}],"curies":[{"name":"wp","href":"https:\/\/api.w.org\/{rel}","templated":true}]}}