{"id":18346,"date":"2011-11-04T22:00:51","date_gmt":"2011-11-05T01:00:51","guid":{"rendered":"http:\/\/www.elsindical.com.ar\/notas\/?p=18346"},"modified":"2011-11-04T22:00:51","modified_gmt":"2011-11-05T01:00:51","slug":"santiago-del-esteroviolan-a-otra-alumna-en-un-mismo-colegio","status":"publish","type":"post","link":"https:\/\/www.elsindical.com.ar\/notas\/santiago-del-esteroviolan-a-otra-alumna-en-un-mismo-colegio\/","title":{"rendered":"Santiago del Estero:Violan a otra alumna en un mismo colegio"},"content":{"rendered":"<p style=\"text-align: justify;\"><em><a href=\"http:\/\/www.elsindical.com.ar\/notas\/var\/www\/html\/notas\/wp-content\/uploads\/2011\/11\/Colegio-Primera-Junta.jpg\"><img loading=\"lazy\" decoding=\"async\" class=\"alignleft size-medium wp-image-18347\" title=\"Colegio-Primera-Junta\" src=\"http:\/\/www.elsindical.com.ar\/notas\/var\/www\/html\/notas\/wp-content\/uploads\/2011\/11\/Colegio-Primera-Junta-300x200.jpg\" alt=\"\" width=\"300\" height=\"200\" srcset=\"https:\/\/www.elsindical.com.ar\/notas\/var\/www\/html\/notas\/wp-content\/uploads\/2011\/11\/Colegio-Primera-Junta-300x200.jpg 300w, https:\/\/www.elsindical.com.ar\/notas\/var\/www\/html\/notas\/wp-content\/uploads\/2011\/11\/Colegio-Primera-Junta.jpg 325w\" sizes=\"auto, (max-width: 300px) 100vw, 300px\" \/><\/a>Un profesor abuso sexualmente de una adolescente de 15 a\u00f1os. Este caso se suma al del docente que vej\u00f3 a otra joven de 17, en el mismo establecimiento.<\/em><\/p>\n<div id=\"texto\">\n<p style=\"text-align: justify;\">Mientras la Justicia multiplica esfuerzos, en la capital de Santiago del Estero y La Banda, detr\u00e1s del profesor acusado de abusar de una alumna de 17 a\u00f1os, el jueves se conoci\u00f3 un nuevo caso que involucrar\u00eda a otra adolescente del turno tarde y otro docente, tambi\u00e9n del Colegio Primera Junta.<\/p>\n<p style=\"text-align: justify;\">La noticia convierte a la instituci\u00f3n en epicentro de un presunto esc\u00e1ndalo, ya que la menor (que tendr\u00eda entre 14 y 15 a\u00f1os) asiste normalmente al edificio del barrio Primera Junta y cuya poblaci\u00f3n asciende a 800 menores.<\/p>\n<p style=\"text-align: justify;\">En dicho organismo, durante casi dos a\u00f1os un profesor de Dibujo habr\u00eda mantenido una confusa \u201c<em>relaci\u00f3n<\/em>\u201d con una alumna. Sorpresivamente, en las \u00faltimas horas \u00e9sta lo denunci\u00f3, atribuy\u00e9ndole varias relaciones sexuales en hoteles alojamiento y en su propia casa, inform\u00f3 el sitio <em>ElLiberal.com<\/em>.<\/p>\n<p style=\"text-align: justify;\">Por ese suceso, se libr\u00f3 la orden de detenci\u00f3n del profesor y actualmente es considerado pr\u00f3fugo.<\/p>\n<p style=\"text-align: justify;\">Ahora, existir\u00eda un segundo caso de una menor y un docente, con id\u00e9ntico tenor al caso investigado por el Juez <strong>Miguel Moreno<\/strong> y el Fiscal <strong>Ram\u00f3n Alfonzo<\/strong>.<\/p>\n<p style=\"text-align: justify;\">As\u00ed lo aseguraron fuentes docentes, afirmando que los dos hechos generaron reacciones y actuaciones de la superioridad, ya que el \u00e1mbito de exposici\u00f3n ser\u00eda la instituci\u00f3n citada.<\/p>\n<p style=\"text-align: justify;\">All\u00ed, desde el 2009, la hija de un funcionario provincial habr\u00eda mantenido oculta una particular \u201c<em>amistad<\/em>\u201d con su profesor de Dibujo, un catedr\u00e1tico de 52 a\u00f1os y casado.<\/p>\n<p style=\"text-align: justify;\">Aquella historia vol\u00f3 por los aires hace un mes y medio, cuando los padres descubrieron un celular que el profesor habr\u00eda regalado a la estudiante.<\/p>\n<p style=\"text-align: justify;\"><span style=\"text-decoration: underline;\"><strong>Queja de padres<\/strong><\/span><\/p>\n<p style=\"text-align: justify;\">El primer \u00e1mbito receptor de la furia paternal habr\u00eda sido el colegio. Seg\u00fan directivos del Primera Junta, ya se labraron las actas correspondientes, pero a\u00fan sin definiciones.<\/p>\n<p style=\"text-align: justify;\">Quiz\u00e1s al no advertir reacciones, la familia de la adolescente traslad\u00f3 su preocupaci\u00f3n ante el Fiscal Ram\u00f3n Alfonzo, quien r\u00e1pido articul\u00f3 los mecanismos judiciales y gener\u00f3 una causa Penal.<\/p>\n<p style=\"text-align: justify;\">Ya se hizo una C\u00e1mara Gesell en que la menor confi\u00f3 parte de su historia.<\/p>\n<p style=\"text-align: justify;\">Mientras tanto, en la v\u00edspera la defensora oficial,<strong> Elba Mendoza<\/strong>, manifest\u00f3: \u201c<em>Asist\u00ed a la menor en una C\u00e1mara Gesell. Habl\u00f3 en voz baja, quiz\u00e1s tanto por culpa o verg\u00fcenza<\/em>\u201d. Revel\u00f3: \u201c<em>Pese a que todo es materia de investigaci\u00f3n, subyace una situaci\u00f3n especial. Se advierte una relaci\u00f3n tal vez reverencial de alumno-profesor<\/em>\u201d.<\/p>\n<p style=\"text-align: justify;\">Agreg\u00f3: \u201c<em>Seg\u00fan la menor, la amistad se prolong\u00f3 por m\u00e1s de un a\u00f1o. Reconoci\u00f3 haber tenido sexo con el adulto en La Banda<\/em>\u201d, explic\u00f3.<\/p>\n<p style=\"text-align: justify;\">Por \u00faltimo, Mendoza aclar\u00f3 que no se atrever\u00eda a calificar al caso, pero destac\u00f3: \u201c<em>En el medio hay un docente de quien se sospecha una manipulaci\u00f3n dado a la diferencia de edad y de quien se espera sensatez y responsabilidad, por tener a su cargo menores en formaci\u00f3n<\/em>\u201d.<\/p>\n<p style=\"text-align: justify;\">Hace pocos d\u00edas la polic\u00eda local, tambi\u00e9n detuvo a un menor de 12 a\u00f1os del mismo colegio por vender y consumir coca\u00edna.<\/p>\n<\/div>\n","protected":false},"excerpt":{"rendered":"<p>Un profesor abuso sexualmente de una adolescente de 15 a\u00f1os. Este caso se suma al del docente que vej\u00f3 a otra joven de 17, en el mismo establecimiento. Mientras la Justicia multiplica esfuerzos, en la capital de Santiago del Estero y La Banda, detr\u00e1s del profesor acusado de abusar de una alumna de 17 a\u00f1os,&hellip;<\/p>\n","protected":false},"author":1,"featured_media":0,"comment_status":"open","ping_status":"open","sticky":false,"template":"","format":"standard","meta":{"footnotes":""},"categories":[22],"tags":[342,7003,371,175,1876,30,4425,1478,271],"class_list":["post-18346","post","type-post","status-publish","format-standard","hentry","category-policiales","tag-abuso","tag-alumna","tag-autoridades","tag-denuncia","tag-docente","tag-policia","tag-profesor","tag-santiago-del-estero","tag-violacion"],"_links":{"self":[{"href":"https:\/\/www.elsindical.com.ar\/notas\/wp-json\/wp\/v2\/posts\/18346","targetHints":{"allow":["GET"]}}],"collection":[{"href":"https:\/\/www.elsindical.com.ar\/notas\/wp-json\/wp\/v2\/posts"}],"about":[{"href":"https:\/\/www.elsindical.com.ar\/notas\/wp-json\/wp\/v2\/types\/post"}],"author":[{"embeddable":true,"href":"https:\/\/www.elsindical.com.ar\/notas\/wp-json\/wp\/v2\/users\/1"}],"replies":[{"embeddable":true,"href":"https:\/\/www.elsindical.com.ar\/notas\/wp-json\/wp\/v2\/comments?post=18346"}],"version-history":[{"count":2,"href":"https:\/\/www.elsindical.com.ar\/notas\/wp-json\/wp\/v2\/posts\/18346\/revisions"}],"predecessor-version":[{"id":18349,"href":"https:\/\/www.elsindical.com.ar\/notas\/wp-json\/wp\/v2\/posts\/18346\/revisions\/18349"}],"wp:attachment":[{"href":"https:\/\/www.elsindical.com.ar\/notas\/wp-json\/wp\/v2\/media?parent=18346"}],"wp:term":[{"taxonomy":"category","embeddable":true,"href":"https:\/\/www.elsindical.com.ar\/notas\/wp-json\/wp\/v2\/categories?post=18346"},{"taxonomy":"post_tag","embeddable":true,"href":"https:\/\/www.elsindical.com.ar\/notas\/wp-json\/wp\/v2\/tags?post=18346"}],"curies":[{"name":"wp","href":"https:\/\/api.w.org\/{rel}","templated":true}]}}