{"id":18245,"date":"2011-11-02T13:38:51","date_gmt":"2011-11-02T16:38:51","guid":{"rendered":"http:\/\/www.elsindical.com.ar\/notas\/?p=18245"},"modified":"2011-11-02T13:38:51","modified_gmt":"2011-11-02T16:38:51","slug":"el-gobierno-elimina-varios-subsidios-y-costaran-mas-los-servicios","status":"publish","type":"post","link":"https:\/\/www.elsindical.com.ar\/notas\/el-gobierno-elimina-varios-subsidios-y-costaran-mas-los-servicios\/","title":{"rendered":"El Gobierno elimina varios subsidios y costar\u00e1n m\u00e1s los servicios"},"content":{"rendered":"<p style=\"text-align: justify;\"><em><a href=\"http:\/\/www.elsindical.com.ar\/notas\/var\/www\/html\/notas\/wp-content\/uploads\/2011\/11\/Boudou-y-De-Vido.jpg\"><img loading=\"lazy\" decoding=\"async\" class=\"alignleft size-full wp-image-18246\" title=\"Boudou-y-De-Vido\" src=\"http:\/\/www.elsindical.com.ar\/notas\/var\/www\/html\/notas\/wp-content\/uploads\/2011\/11\/Boudou-y-De-Vido.jpg\" alt=\"\" width=\"295\" height=\"209\" \/><\/a>No aumentar\u00e1n las tarifas, pero las facturas se encarecer\u00e1n cuando se quiten las subvenciones. No tendr\u00e1n subsidios la telefon\u00eda m\u00f3vil, los bancos, los seguros, los juegos de azar, los aeropuertos y las actividades extractivas. El resto de los rubros ser\u00e1n analizadas por una comisi\u00f3n mixta.<\/em><\/p>\n<p style=\"text-align: justify;\">Pasadas las elecciones y ante las complicaciones que viene mostrando el balance de las cuentas p\u00fablicas, el Gobierno anunci\u00f3 <strong>la eliminaci\u00f3n del 100 por ciento de los subsidios <\/strong>de servicios p\u00fablicos que reciben un conjunto de actividades empresarias y la creaci\u00f3n de una comisi\u00f3n que analizar\u00e1, del total de subvenciones de servicios <strong>a empresas y particulares<\/strong>, cu\u00e1les se eliminan, cu\u00e1les se modifican y cu\u00e1les permanecen.\u00a0<\/p>\n<p style=\"text-align: justify;\">\u201c<strong>Las tarifas no se modifican<\/strong>\u201d, prometi\u00f3 el ministro de Planificaci\u00f3n, Julio de Vido, quien hizo el anuncio junto a su par de econom\u00eda y vicepresidente electo, Amado Boudou, en una conferencia en la sede del Palacio de hacienda. En rigor, <strong>el costo de los servicios va a aumentar en todos los casos en los que se eliminen o reduzcan los subisidios<\/strong>, m\u00e1s all\u00e1 de que t\u00e9cnicamente va a ser por la eliminaci\u00f3n de las subvenciones y no por aumento de tarifas. Durante el anuncio, incluso, el ministro de Econom\u00eda puso como ejemplo que era inequitativo que \u00e9l, en Puerto Madero, tuviera tarifas subsidiadas.\u00a0<\/p>\n<p style=\"text-align: justify;\">La conferencia de prensa arranc\u00f3 con la lectura de la resoluci\u00f3n que crea <strong>un grupo de trabajo para la revisi\u00f3n de los subsidios <\/strong>que estar\u00e1 encabezado por funcionarios del Ministerio de Econom\u00eda que tendr\u00e1 que consultar adem\u00e1s, <strong>en forma permanente<\/strong>, a empresas, entes reguladores y agrupaciones de consumidores y usuarios.\u00a0<\/p>\n<p style=\"text-align: justify;\">Tras elogiar las pol\u00edticas de subsidios implementadas hasta ahora y su impacto en la econom\u00eda, Boudou reconoci\u00f3 que <strong>hay \u201ccuestiones que hay que cambiar\u201d <\/strong>y asegur\u00f3 que los criterios apuntar\u00e1n a mejorar \u201cla equidad para que sigan mejorando la distribuci\u00f3n del ingreso, y tambi\u00e9n la competitividad para seguir generando puestos de trabajo\u201d.\u00a0<\/p>\n<p style=\"text-align: justify;\">Adem\u00e1s adelant\u00f3 que <strong>se redireccionar\u00e1 <\/strong>\u201cel sistema de subsidios, en algunos casos elimin\u00e1ndolo, en otros reduci\u00e9ndolo y en otros manteni\u00e9ndolos de forma plena\u201d.\u00a0<\/p>\n<p style=\"text-align: justify;\">De Vido, por su parte, inform\u00f3 que ya se decidi\u00f3 avanzar con la eliminaci\u00f3n \u201cdel 100 por ciento de los subsidios\u201d para <strong>el sector bancario, el financiero, el asegurador, los aeropuertos internacionales, los puertos fluviales de pasajeros, los juegos de azar y las empresas de telefon\u00eda m\u00f3vil de alcance nacional<\/strong>, a los que los funcionarios calificaron como de alta rentabilidad. Seg\u00fan el ministro, esos recortes representar\u00e1n un ahorro de 600 millones de pesos. \u201c<strong>Es un primer paso<\/strong>\u201d, a\u00f1adi\u00f3 el titular de Planificaci\u00f3n.<\/p>\n","protected":false},"excerpt":{"rendered":"<p>No aumentar\u00e1n las tarifas, pero las facturas se encarecer\u00e1n cuando se quiten las subvenciones. No tendr\u00e1n subsidios la telefon\u00eda m\u00f3vil, los bancos, los seguros, los juegos de azar, los aeropuertos y las actividades extractivas. El resto de los rubros ser\u00e1n analizadas por una comisi\u00f3n mixta. Pasadas las elecciones y ante las complicaciones que viene mostrando&hellip;<\/p>\n","protected":false},"author":1,"featured_media":0,"comment_status":"open","ping_status":"open","sticky":false,"template":"","format":"standard","meta":{"footnotes":""},"categories":[9],"tags":[8935,2105,8934,761,4016,373,376],"class_list":["post-18245","post","type-post","status-publish","format-standard","hentry","category-economia","tag-costos","tag-empresas","tag-gastos","tag-gobierno-nacional","tag-subsidios","tag-tarifas","tag-usuarios"],"_links":{"self":[{"href":"https:\/\/www.elsindical.com.ar\/notas\/wp-json\/wp\/v2\/posts\/18245","targetHints":{"allow":["GET"]}}],"collection":[{"href":"https:\/\/www.elsindical.com.ar\/notas\/wp-json\/wp\/v2\/posts"}],"about":[{"href":"https:\/\/www.elsindical.com.ar\/notas\/wp-json\/wp\/v2\/types\/post"}],"author":[{"embeddable":true,"href":"https:\/\/www.elsindical.com.ar\/notas\/wp-json\/wp\/v2\/users\/1"}],"replies":[{"embeddable":true,"href":"https:\/\/www.elsindical.com.ar\/notas\/wp-json\/wp\/v2\/comments?post=18245"}],"version-history":[{"count":2,"href":"https:\/\/www.elsindical.com.ar\/notas\/wp-json\/wp\/v2\/posts\/18245\/revisions"}],"predecessor-version":[{"id":18248,"href":"https:\/\/www.elsindical.com.ar\/notas\/wp-json\/wp\/v2\/posts\/18245\/revisions\/18248"}],"wp:attachment":[{"href":"https:\/\/www.elsindical.com.ar\/notas\/wp-json\/wp\/v2\/media?parent=18245"}],"wp:term":[{"taxonomy":"category","embeddable":true,"href":"https:\/\/www.elsindical.com.ar\/notas\/wp-json\/wp\/v2\/categories?post=18245"},{"taxonomy":"post_tag","embeddable":true,"href":"https:\/\/www.elsindical.com.ar\/notas\/wp-json\/wp\/v2\/tags?post=18245"}],"curies":[{"name":"wp","href":"https:\/\/api.w.org\/{rel}","templated":true}]}}