{"id":18152,"date":"2011-10-30T22:23:28","date_gmt":"2011-10-31T01:23:28","guid":{"rendered":"http:\/\/www.elsindical.com.ar\/notas\/?p=18152"},"modified":"2011-10-30T22:23:28","modified_gmt":"2011-10-31T01:23:28","slug":"chileambientalistas-se-desnudaron-para-salvar-un-bosque","status":"publish","type":"post","link":"https:\/\/www.elsindical.com.ar\/notas\/chileambientalistas-se-desnudaron-para-salvar-un-bosque\/","title":{"rendered":"Chile:Ambientalistas se desnudaron para salvar un bosque"},"content":{"rendered":"<p style=\"text-align: justify;\"><em><a href=\"http:\/\/www.elsindical.com.ar\/notas\/var\/www\/html\/notas\/wp-content\/uploads\/2011\/10\/ambientalistas-de-Chile.jpg\"><img loading=\"lazy\" decoding=\"async\" class=\"alignleft size-medium wp-image-18153\" title=\"ambientalistas-de-Chile\" src=\"http:\/\/www.elsindical.com.ar\/notas\/var\/www\/html\/notas\/wp-content\/uploads\/2011\/10\/ambientalistas-de-Chile-300x192.jpg\" alt=\"\" width=\"300\" height=\"192\" srcset=\"https:\/\/www.elsindical.com.ar\/notas\/var\/www\/html\/notas\/wp-content\/uploads\/2011\/10\/ambientalistas-de-Chile-300x192.jpg 300w, https:\/\/www.elsindical.com.ar\/notas\/var\/www\/html\/notas\/wp-content\/uploads\/2011\/10\/ambientalistas-de-Chile.jpg 443w\" sizes=\"auto, (max-width: 300px) 100vw, 300px\" \/><\/a>Los miembros de la agrupaci\u00f3n \u00abVivos por el fundo\u201d se quitaron la ropa con el fin de proteger 90 hect\u00e1reas de espacios verdes en Quilpu\u00e9. Y exigieron que sean declaradas \u201czona protegida\u201d.<\/em><\/p>\n<p style=\"text-align: justify;\">Unos 50 ambientalistas de la agrupaci\u00f3n \u00abVivos por el fundo\u201d \u00a0protestaron ayer desnudos en la localidad chilena de Quilpu\u00e9, con el objetivo de salvar 90 hect\u00e1reas de \u00e1reas verdes en la parte norte de esa ciudad que fueron donadas a la comunidad hace unos 80 a\u00f1os.\u00a0<\/p>\n<p style=\"text-align: justify;\">\u00abEl Gobierno regional quiere hacer cambio de uso de suelo lo que significa que este gran pulm\u00f3n verde puede ser urbanizado y es el \u00fanico que nos queda en Quilpu\u00e9 y en la regi\u00f3n\u00bb, se\u00f1al\u00f3 Esteban Silva, portavoz de los desvestidos.\u00a0<\/p>\n<p style=\"text-align: justify;\">Silva record\u00f3 que el terreno fue donado en 1935 con el fin de \u201cfomentar el esparcimiento, la vida al aire libre, el bienestar de vecinos y trabajadores y cuidar las \u00e1reas verdes, pero la voluntad de la persona que don\u00f3 estas tierras aparentemente est\u00e1 en peligro\u201d.\u00a0<\/p>\n<p style=\"text-align: justify;\">A su vez, indic\u00f3 que hace unos 30 a\u00f1os, la Universidad Cat\u00f3lica de Valpara\u00edso se adue\u00f1\u00f3 del terreno, en un proceso poco claro, y ahora querr\u00eda venderlo.\u00a0<\/p>\n<p style=\"text-align: justify;\">\u00abNuestra agrupaci\u00f3n exige que devuelva este pulm\u00f3n verde y sea declarado zona protegida para evitar la construcci\u00f3n de proyectos inmobiliarios y se respete la voluntad de la persona que lo don\u00f3\u00bb, enfatiz\u00f3.<\/p>\n<p style=\"text-align: justify;\">Todos los miembros de la agrupaci\u00f3n \u00abVivos por el fundo\u00bb, se fueron sacando la ropa poco a poco delante de los habitantes de la zona y los periodistas.\u00a0<\/p>\n<p style=\"text-align: justify;\">De acuerdo a la una se\u00f1ora, de 50 a\u00f1os aproximadamente, se habr\u00edan inscripto m\u00e1s de 100 personas, \u00abpero al parecer les dio verg\u00fcenza mostrar su cuerpo por una buena causa\u00bb, a\u00f1adi\u00f3.\u00a0<\/p>\n<p style=\"text-align: justify;\">La ciudad de Quilpu\u00e9 est\u00e1 situada a unos 100 kil\u00f3metros al oeste de Santiago, cerca del oc\u00e9ano Pac\u00edfico y su poblaci\u00f3n alcanza a unos 160 mil habitantes.<\/p>\n","protected":false},"excerpt":{"rendered":"<p>Los miembros de la agrupaci\u00f3n \u00abVivos por el fundo\u201d se quitaron la ropa con el fin de proteger 90 hect\u00e1reas de espacios verdes en Quilpu\u00e9. Y exigieron que sean declaradas \u201czona protegida\u201d. Unos 50 ambientalistas de la agrupaci\u00f3n \u00abVivos por el fundo\u201d \u00a0protestaron ayer desnudos en la localidad chilena de Quilpu\u00e9, con el objetivo de&hellip;<\/p>\n","protected":false},"author":1,"featured_media":0,"comment_status":"open","ping_status":"open","sticky":false,"template":"","format":"standard","meta":{"footnotes":""},"categories":[18],"tags":[8879,8882,1200,2939,8881,8880,6755],"class_list":["post-18152","post","type-post","status-publish","format-standard","hentry","category-internacionales","tag-ambientalistas","tag-bosque","tag-chile","tag-desnudos","tag-oceano-pacifico","tag-quilpue","tag-santiago"],"_links":{"self":[{"href":"https:\/\/www.elsindical.com.ar\/notas\/wp-json\/wp\/v2\/posts\/18152","targetHints":{"allow":["GET"]}}],"collection":[{"href":"https:\/\/www.elsindical.com.ar\/notas\/wp-json\/wp\/v2\/posts"}],"about":[{"href":"https:\/\/www.elsindical.com.ar\/notas\/wp-json\/wp\/v2\/types\/post"}],"author":[{"embeddable":true,"href":"https:\/\/www.elsindical.com.ar\/notas\/wp-json\/wp\/v2\/users\/1"}],"replies":[{"embeddable":true,"href":"https:\/\/www.elsindical.com.ar\/notas\/wp-json\/wp\/v2\/comments?post=18152"}],"version-history":[{"count":2,"href":"https:\/\/www.elsindical.com.ar\/notas\/wp-json\/wp\/v2\/posts\/18152\/revisions"}],"predecessor-version":[{"id":18155,"href":"https:\/\/www.elsindical.com.ar\/notas\/wp-json\/wp\/v2\/posts\/18152\/revisions\/18155"}],"wp:attachment":[{"href":"https:\/\/www.elsindical.com.ar\/notas\/wp-json\/wp\/v2\/media?parent=18152"}],"wp:term":[{"taxonomy":"category","embeddable":true,"href":"https:\/\/www.elsindical.com.ar\/notas\/wp-json\/wp\/v2\/categories?post=18152"},{"taxonomy":"post_tag","embeddable":true,"href":"https:\/\/www.elsindical.com.ar\/notas\/wp-json\/wp\/v2\/tags?post=18152"}],"curies":[{"name":"wp","href":"https:\/\/api.w.org\/{rel}","templated":true}]}}