{"id":18096,"date":"2011-10-27T13:04:28","date_gmt":"2011-10-27T16:04:28","guid":{"rendered":"http:\/\/www.elsindical.com.ar\/notas\/?p=18096"},"modified":"2011-10-27T13:04:28","modified_gmt":"2011-10-27T16:04:28","slug":"villa-fioritoun-menor-de-11-anos-asesino-a-otro-de-12-a-punaladas","status":"publish","type":"post","link":"https:\/\/www.elsindical.com.ar\/notas\/villa-fioritoun-menor-de-11-anos-asesino-a-otro-de-12-a-punaladas\/","title":{"rendered":"Villa Fiorito:Un menor de 11 a\u00f1os asesin\u00f3 a otro de 12 a pu\u00f1aladas"},"content":{"rendered":"<p style=\"text-align: justify;\"><em><a href=\"http:\/\/www.elsindical.com.ar\/notas\/var\/www\/html\/notas\/wp-content\/uploads\/2011\/10\/Osvaldo-pap\u00e1-chico-asesinad.jpg\"><img loading=\"lazy\" decoding=\"async\" class=\"alignleft size-full wp-image-18097\" title=\"Osvaldo-pap\u00e1-chico-asesinad\" src=\"http:\/\/www.elsindical.com.ar\/notas\/var\/www\/html\/notas\/wp-content\/uploads\/2011\/10\/Osvaldo-pap\u00e1-chico-asesinad.jpg\" alt=\"\" width=\"266\" height=\"199\" \/><\/a>El padre de Sebasti\u00e1n Ariel Merlo (12), Osvaldo Merlo, asegur\u00f3 que no hab\u00edan notado actitudes extra\u00f1as previas en Agust\u00edn, el ni\u00f1o de 11 a\u00f1os que mat\u00f3 a su hijo, y destac\u00f3 que los chicos siempre ten\u00edan ri\u00f1as durante sus juegos, aunque recalc\u00f3 que \u201cjam\u00e1s\u201d pens\u00f3 que pod\u00eda ocurrir esta tragedia. \u201cEran chicos, peleaban como todos los chicos, pero nunca nos imaginamos que pod\u00eda pasar esto\u201d, se\u00f1al\u00f3 el hombre. \u201cLo cort\u00f3 todo, yo me estaba yendo a trabajar y escuche a mi hijo que gritaba \u2018pap\u00e1, pap\u00e1, me pincharon\u2019. No se pudo hacer nada\u201d, lament\u00f3 el hombre.<\/em><\/p>\n<p style=\"text-align: justify;\">Osvaldo Merlo, el padres de Ariel Sebasti\u00e1n merlo, asegur\u00f3 que nunca pensaron que las ri\u00f1as diarias que ten\u00edan los chicos del barrio por motivos de juego, pudieran terminar en una tragedia semejante como la que se llev\u00f3 la vida de su hijo, que fue apu\u00f1alado por otro ni\u00f1o de 11 a\u00f1os en la puerta de su casa de Villa Fiorito, ubicada en Consea y Ginebra.<\/p>\n<p>\u00abLos chicos jugaban siempre en la vereda, y siempre peleaban, \u00bfqu\u00e9 chicos no tira piedras, no pela?, pero nunca pensamos que pod\u00eda pasar esto\u00bb, se\u00f1al\u00f3 el hombre conmocionado, en di\u00e1logo con la prensa.<\/p>\n<p>\u201cEstaban discutiendo y lo apu\u00f1al\u00f3. Mi hijo me dijo, \u2018pap\u00e1, me pincharon y se desmay\u00f3. Fue el pap\u00e1 del agresor, quien lo llev\u00f3 a mi hijo al hospital y ahora no s\u00e9 como mirarnos a la cara\u00bb, agreg\u00f3.<\/p>\n<p>\u00abNo se pudo hacer nada, los cort\u00f3 todo\u00bb, lament\u00f3 el hombre.<\/p>\n","protected":false},"excerpt":{"rendered":"<p>El padre de Sebasti\u00e1n Ariel Merlo (12), Osvaldo Merlo, asegur\u00f3 que no hab\u00edan notado actitudes extra\u00f1as previas en Agust\u00edn, el ni\u00f1o de 11 a\u00f1os que mat\u00f3 a su hijo, y destac\u00f3 que los chicos siempre ten\u00edan ri\u00f1as durante sus juegos, aunque recalc\u00f3 que \u201cjam\u00e1s\u201d pens\u00f3 que pod\u00eda ocurrir esta tragedia. \u201cEran chicos, peleaban como todos&hellip;<\/p>\n","protected":false},"author":1,"featured_media":0,"comment_status":"open","ping_status":"open","sticky":false,"template":"","format":"standard","meta":{"footnotes":""},"categories":[22],"tags":[8859,149,305,8858,8857,4292],"class_list":["post-18096","post","type-post","status-publish","format-standard","hentry","category-policiales","tag-agustin","tag-hospital","tag-muerte","tag-osvaldo-merlo","tag-sebastian-ariel-merlo","tag-villa-fiorito"],"_links":{"self":[{"href":"https:\/\/www.elsindical.com.ar\/notas\/wp-json\/wp\/v2\/posts\/18096","targetHints":{"allow":["GET"]}}],"collection":[{"href":"https:\/\/www.elsindical.com.ar\/notas\/wp-json\/wp\/v2\/posts"}],"about":[{"href":"https:\/\/www.elsindical.com.ar\/notas\/wp-json\/wp\/v2\/types\/post"}],"author":[{"embeddable":true,"href":"https:\/\/www.elsindical.com.ar\/notas\/wp-json\/wp\/v2\/users\/1"}],"replies":[{"embeddable":true,"href":"https:\/\/www.elsindical.com.ar\/notas\/wp-json\/wp\/v2\/comments?post=18096"}],"version-history":[{"count":1,"href":"https:\/\/www.elsindical.com.ar\/notas\/wp-json\/wp\/v2\/posts\/18096\/revisions"}],"predecessor-version":[{"id":18098,"href":"https:\/\/www.elsindical.com.ar\/notas\/wp-json\/wp\/v2\/posts\/18096\/revisions\/18098"}],"wp:attachment":[{"href":"https:\/\/www.elsindical.com.ar\/notas\/wp-json\/wp\/v2\/media?parent=18096"}],"wp:term":[{"taxonomy":"category","embeddable":true,"href":"https:\/\/www.elsindical.com.ar\/notas\/wp-json\/wp\/v2\/categories?post=18096"},{"taxonomy":"post_tag","embeddable":true,"href":"https:\/\/www.elsindical.com.ar\/notas\/wp-json\/wp\/v2\/tags?post=18096"}],"curies":[{"name":"wp","href":"https:\/\/api.w.org\/{rel}","templated":true}]}}