{"id":18091,"date":"2011-10-26T17:20:53","date_gmt":"2011-10-26T20:20:53","guid":{"rendered":"http:\/\/www.elsindical.com.ar\/notas\/?p=18091"},"modified":"2011-10-26T17:20:53","modified_gmt":"2011-10-26T20:20:53","slug":"la-policia-capturo-el-profugo-asesino-de-franco-campeggi","status":"publish","type":"post","link":"https:\/\/www.elsindical.com.ar\/notas\/la-policia-capturo-el-profugo-asesino-de-franco-campeggi\/","title":{"rendered":"La polic\u00eda captur\u00f3 el pr\u00f3fugo asesino de Franco Campeggi"},"content":{"rendered":"<div id=\"bajada\">\n<p style=\"text-align: justify;\"><em><a href=\"http:\/\/www.elsindical.com.ar\/notas\/var\/www\/html\/notas\/wp-content\/uploads\/2011\/10\/pr\u00f3fugo-Carlos-Godoy.jpg\"><img loading=\"lazy\" decoding=\"async\" class=\"alignleft size-medium wp-image-18092\" title=\"pr\u00f3fugo-Carlos-Godoy\" src=\"http:\/\/www.elsindical.com.ar\/notas\/var\/www\/html\/notas\/wp-content\/uploads\/2011\/10\/pr\u00f3fugo-Carlos-Godoy-300x185.jpg\" alt=\"\" width=\"300\" height=\"185\" srcset=\"https:\/\/www.elsindical.com.ar\/notas\/var\/www\/html\/notas\/wp-content\/uploads\/2011\/10\/pr\u00f3fugo-Carlos-Godoy-300x185.jpg 300w, https:\/\/www.elsindical.com.ar\/notas\/var\/www\/html\/notas\/wp-content\/uploads\/2011\/10\/pr\u00f3fugo-Carlos-Godoy.jpg 413w\" sizes=\"auto, (max-width: 300px) 100vw, 300px\" \/><\/a>La polic\u00eda logr\u00f3 capturar a <strong>Carlos Godoy<\/strong>, quien se hab\u00eda fugado del penal de Ituzaing\u00f3 el 22 de septiembre pasado, donde se manten\u00eda con prisi\u00f3n perpetua por el crimen del ni\u00f1o de 12 a\u00f1os.<\/em><\/p>\n<\/div>\n<div id=\"texto\">\n<p style=\"text-align: justify;\">La polic\u00eda detuvo anoche en una casa del zona oeste del Conurbano a <strong>Carlos Godoy<\/strong>, condenado a prisi\u00f3n perpetua por el crimen del ni\u00f1o <strong>Franco Campeggi<\/strong>, que se hab\u00eda fugado en el mes de septiembre.<\/p>\n<p>Godoy, se hab\u00eda fugado el 22 de septiembre pasado de la Unidad de Detenci\u00f3n 39 de Ituzaing\u00f3 y efectivos de la DDI de Mor\u00f3n, lograron recapturarlo, seg\u00fan informaron fuentes del Ministerio de Seguridad de la provincia de Buenos Aires.<\/p>\n<p>De acuerdo a lo informado, m\u00e1s de 40 efectivos participaron en la recaptura de Godoy, quien se mantuvo, durante 35 d\u00edas, oculto en una vivienda.<\/p>\n<p>El crimen del ni\u00f1o Franco Campeggi, ocurri\u00f3 el 23 de septiembre de 2007 en un cyber ubicado en la calle Potos\u00ed al 2600, de Villa Trujuy, en Moreno, cuando jugaba con una computadora junto a su hermano.<\/p>\n<p>Dos personas armadas -Carlos Godoy y<strong> Fernando Avallay <\/strong>&#8211; ingresaron al comercio, robaron dinero y tel\u00e9fonos celulares y Avallay, antes de escapar, efectu\u00f3 un disparo que hiri\u00f3 al chico en la nuca. Posteriormente los asaltantes huyeron a bordo de una moto, mientras que Franco fue trasladado al hospital de Moreno, donde muri\u00f3.<\/p>\n<p style=\"text-align: justify;\">Godoy y Avallay, sometidos a juicio oral, en 2010, en el Tribunal Oral en lo Criminal (TOC) 2 de Mercedes, fueron condenados a la pena de prisi\u00f3n perpetua.<\/p>\n<p>Godoy se escap\u00f3 cuando iba a la escuela del penal, y salt\u00f3 dos alambrados del cerco perimetral, para finalmente escalar el muro externo y llegar a la calle.<\/p>\n<p>Las autoridades policiales dar\u00e1n hoy por la ma\u00f1ana una conferencia de prensa en la sede de la Jefatura Departamental de Mor\u00f3n, donde brindar\u00e1n los detalles de la nueva detenci\u00f3n.<\/p>\n<\/div>\n","protected":false},"excerpt":{"rendered":"<p>La polic\u00eda logr\u00f3 capturar a Carlos Godoy, quien se hab\u00eda fugado del penal de Ituzaing\u00f3 el 22 de septiembre pasado, donde se manten\u00eda con prisi\u00f3n perpetua por el crimen del ni\u00f1o de 12 a\u00f1os. La polic\u00eda detuvo anoche en una casa del zona oeste del Conurbano a Carlos Godoy, condenado a prisi\u00f3n perpetua por el&hellip;<\/p>\n","protected":false},"author":1,"featured_media":0,"comment_status":"open","ping_status":"open","sticky":false,"template":"","format":"standard","meta":{"footnotes":""},"categories":[22],"tags":[363,8855,8856,658],"class_list":["post-18091","post","type-post","status-publish","format-standard","hentry","category-policiales","tag-asesinato","tag-carlos-godoy","tag-franco-campeggi","tag-profugo"],"_links":{"self":[{"href":"https:\/\/www.elsindical.com.ar\/notas\/wp-json\/wp\/v2\/posts\/18091","targetHints":{"allow":["GET"]}}],"collection":[{"href":"https:\/\/www.elsindical.com.ar\/notas\/wp-json\/wp\/v2\/posts"}],"about":[{"href":"https:\/\/www.elsindical.com.ar\/notas\/wp-json\/wp\/v2\/types\/post"}],"author":[{"embeddable":true,"href":"https:\/\/www.elsindical.com.ar\/notas\/wp-json\/wp\/v2\/users\/1"}],"replies":[{"embeddable":true,"href":"https:\/\/www.elsindical.com.ar\/notas\/wp-json\/wp\/v2\/comments?post=18091"}],"version-history":[{"count":1,"href":"https:\/\/www.elsindical.com.ar\/notas\/wp-json\/wp\/v2\/posts\/18091\/revisions"}],"predecessor-version":[{"id":18093,"href":"https:\/\/www.elsindical.com.ar\/notas\/wp-json\/wp\/v2\/posts\/18091\/revisions\/18093"}],"wp:attachment":[{"href":"https:\/\/www.elsindical.com.ar\/notas\/wp-json\/wp\/v2\/media?parent=18091"}],"wp:term":[{"taxonomy":"category","embeddable":true,"href":"https:\/\/www.elsindical.com.ar\/notas\/wp-json\/wp\/v2\/categories?post=18091"},{"taxonomy":"post_tag","embeddable":true,"href":"https:\/\/www.elsindical.com.ar\/notas\/wp-json\/wp\/v2\/tags?post=18091"}],"curies":[{"name":"wp","href":"https:\/\/api.w.org\/{rel}","templated":true}]}}