{"id":17981,"date":"2011-10-21T13:24:00","date_gmt":"2011-10-21T16:24:00","guid":{"rendered":"http:\/\/www.elsindical.com.ar\/notas\/?p=17981"},"modified":"2011-10-21T13:24:30","modified_gmt":"2011-10-21T16:24:30","slug":"la-platahallan-a-preso-colgado-en-su-celda","status":"publish","type":"post","link":"https:\/\/www.elsindical.com.ar\/notas\/la-platahallan-a-preso-colgado-en-su-celda\/","title":{"rendered":"La Plata:Hallan a preso colgado en su celda"},"content":{"rendered":"<div id=\"bajada\">\n<p style=\"text-align: justify;\"><em><a href=\"http:\/\/www.elsindical.com.ar\/notas\/var\/www\/html\/notas\/wp-content\/uploads\/2009\/12\/celda-Melchor-Romero.jpg\"><img loading=\"lazy\" decoding=\"async\" class=\"alignleft size-full wp-image-2467\" title=\"celda-Melchor-Romero\" src=\"http:\/\/www.elsindical.com.ar\/notas\/var\/www\/html\/notas\/wp-content\/uploads\/2009\/12\/celda-Melchor-Romero.jpg\" alt=\"\" width=\"227\" height=\"170\" \/><\/a>Un interno del Penal 34 en la localidad bonaerense de Melchor Romero apareci\u00f3 ahorcado en su celda y las autoridades tratan de determinar si se trat\u00f3 de un suicidio. En ese sector est\u00e1n alojados los reclusos con problemas psiqui\u00e1tricos.<\/em><\/p>\n<\/div>\n<div id=\"texto\">\n<p style=\"text-align: justify;\">Un interno de la Unidad Penal 34 de Melchor Romero, en el partido bonaerense de La Plata, fue encontrado ahorcado dentro de su celda y se investigaba si se trat\u00f3 de un suicidio.<\/p>\n<p>Fuentes policiales informaron que el detenido, cuya identidad no fue dada a conocer, fue hallado muerto por los guardias del penal en el sector donde est\u00e1n alojados los reclusos con problemas psiqui\u00e1tricos.<\/p>\n<p>Investiga lo ocurrido la comisar\u00eda decimocuarta de La Plata, que dio intervenci\u00f3n al Fiscal <strong>Marcelo Romero<\/strong>, titular de la UFI 6, en la causa \u201caverig\u00fcaci\u00f3n causales de muerte\u201d<\/p>\n<\/div>\n","protected":false},"excerpt":{"rendered":"<p>Un interno del Penal 34 en la localidad bonaerense de Melchor Romero apareci\u00f3 ahorcado en su celda y las autoridades tratan de determinar si se trat\u00f3 de un suicidio. En ese sector est\u00e1n alojados los reclusos con problemas psiqui\u00e1tricos. Un interno de la Unidad Penal 34 de Melchor Romero, en el partido bonaerense de La&hellip;<\/p>\n","protected":false},"author":1,"featured_media":0,"comment_status":"open","ping_status":"open","sticky":false,"template":"","format":"standard","meta":{"footnotes":""},"categories":[19],"tags":[91,5684,22024,239,8804],"class_list":["post-17981","post","type-post","status-publish","format-standard","hentry","category-intramuros","tag-detenido","tag-fiscal-marcelo-romero","tag-investigacion","tag-la-plata","tag-melchor-romero"],"_links":{"self":[{"href":"https:\/\/www.elsindical.com.ar\/notas\/wp-json\/wp\/v2\/posts\/17981","targetHints":{"allow":["GET"]}}],"collection":[{"href":"https:\/\/www.elsindical.com.ar\/notas\/wp-json\/wp\/v2\/posts"}],"about":[{"href":"https:\/\/www.elsindical.com.ar\/notas\/wp-json\/wp\/v2\/types\/post"}],"author":[{"embeddable":true,"href":"https:\/\/www.elsindical.com.ar\/notas\/wp-json\/wp\/v2\/users\/1"}],"replies":[{"embeddable":true,"href":"https:\/\/www.elsindical.com.ar\/notas\/wp-json\/wp\/v2\/comments?post=17981"}],"version-history":[{"count":4,"href":"https:\/\/www.elsindical.com.ar\/notas\/wp-json\/wp\/v2\/posts\/17981\/revisions"}],"predecessor-version":[{"id":17985,"href":"https:\/\/www.elsindical.com.ar\/notas\/wp-json\/wp\/v2\/posts\/17981\/revisions\/17985"}],"wp:attachment":[{"href":"https:\/\/www.elsindical.com.ar\/notas\/wp-json\/wp\/v2\/media?parent=17981"}],"wp:term":[{"taxonomy":"category","embeddable":true,"href":"https:\/\/www.elsindical.com.ar\/notas\/wp-json\/wp\/v2\/categories?post=17981"},{"taxonomy":"post_tag","embeddable":true,"href":"https:\/\/www.elsindical.com.ar\/notas\/wp-json\/wp\/v2\/tags?post=17981"}],"curies":[{"name":"wp","href":"https:\/\/api.w.org\/{rel}","templated":true}]}}