{"id":17978,"date":"2011-10-21T13:07:22","date_gmt":"2011-10-21T16:07:22","guid":{"rendered":"http:\/\/www.elsindical.com.ar\/notas\/?p=17978"},"modified":"2011-10-21T13:07:22","modified_gmt":"2011-10-21T16:07:22","slug":"la-polemica-carta-del-socio-de-osvaldo-guidi-sobre-su-muerte","status":"publish","type":"post","link":"https:\/\/www.elsindical.com.ar\/notas\/la-polemica-carta-del-socio-de-osvaldo-guidi-sobre-su-muerte\/","title":{"rendered":"La pol\u00e9mica carta del socio de Osvaldo Guidi sobre su muerte"},"content":{"rendered":"<p style=\"text-align: justify;\"><em><a href=\"http:\/\/www.elsindical.com.ar\/notas\/var\/www\/html\/notas\/wp-content\/uploads\/2011\/10\/Osvaldo-Guidi.jpg\"><img loading=\"lazy\" decoding=\"async\" class=\"alignleft size-medium wp-image-17842\" title=\"Osvaldo-Guidi\" src=\"http:\/\/www.elsindical.com.ar\/notas\/var\/www\/html\/notas\/wp-content\/uploads\/2011\/10\/Osvaldo-Guidi-207x300.jpg\" alt=\"\" width=\"207\" height=\"300\" srcset=\"https:\/\/www.elsindical.com.ar\/notas\/var\/www\/html\/notas\/wp-content\/uploads\/2011\/10\/Osvaldo-Guidi-207x300.jpg 207w, https:\/\/www.elsindical.com.ar\/notas\/var\/www\/html\/notas\/wp-content\/uploads\/2011\/10\/Osvaldo-Guidi.jpg 413w\" sizes=\"auto, (max-width: 207px) 100vw, 207px\" \/><\/a>En el comunicado difundido culp\u00f3 a una familia del medio, productores y actores que no lo ayudaron cuando sali\u00f3 a pedir trabajo. El dolor de un amigo, de su \u00abhermano de la vida\u00bb.<\/em><\/p>\n<p style=\"text-align: justify;\">Tras el suicidio de Osvaldo Guidi, su amigo y co fundador de la escuela de teatro que dirig\u00eda el actor envi\u00f3 un comunicado por Internet,<\/p>\n<p>Guidi apareci\u00f3 ahorcado en su escuela de Teatro ubicada en Congreso. A trav\u00e9s de la cuenta de Facebook, Hugo H\u00e9ctor del Barrio habl\u00f3 de la muerte de su \u00abhermano de la vida\u00bb y dispara en contra de una reconocida familia del medio.<\/p>\n<p>Texto completo:<\/p>\n<p><em>\u00abVeo la necesidad de informarles a los seguidores de Facebook; sitio en donde (Osvaldo Guidi) sub\u00eda sus pensamientos, frases y cuanta cosa maravillosa quer\u00eda compartir, que el d\u00eda lunes 17 de octubre, nuestro amigo resolvi\u00f3 retirarse de esta vida para descansar en paz. Los motivos importan o no. Mucha gente le pregunta \u201cpor qu\u00e9\u201d, \u201csi no hab\u00eda otro camino\u201d, hasta por ah\u00ed alguien escribe \u201cpor qu\u00e9 no te fuiste a otro pa\u00eds\u201d, a todos ellos les doy la respuesta que \u00e9l me dio tantas veces en que pens\u00f3 quitarse la vida: \u201cporque gan\u00e9 un Mart\u00edn Fierro y los Del Boca se ofendieron y no me llamaron m\u00e1s, porque despu\u00e9s estuve 4 a\u00f1os sin trabajar; porque despu\u00e9s lo hice en \u2018Mu\u00f1eca Brava\u2019 y luego me olvidaron, porque soy un tipo grande y no es f\u00e1cil trabajar en otro pa\u00eds, porque para que te llamen ten\u00e9s que tener contactos, porque no es el talento lo que importa sino amigo de qui\u00e9n sos. Porque me cans\u00e9 de golpear puertas pidiendo trabajo y que me dijeran \u2018Pero, un actor como vos no tiene que dejar curr\u00edculum, s\u00f3lo llamar\u2019. Igual, despu\u00e9s no te llamaban\u201d.<\/p>\n<p>Porque un productor como Carnevale le dijo en una reuni\u00f3n que se quedara tranquilo, que \u00e9l no necesitaba pedir y que lo iban a apadrinar, de esto ya hace un par de a\u00f1os y jam\u00e1s son\u00f3 el tel\u00e9fono, porque llam\u00f3 al productor de una novela \u201cmuy elegida\u201d y le dijo cu\u00e1nto lo quer\u00eda, que lo llamara; pero luego, siempre encontr\u00f3 un contestador, porque una actriz, amiga de treinta a\u00f1os, prefiri\u00f3 ayudarlo coment\u00e1ndole a un productor que no estaba bien de salud, que no lo llamara. Que pidi\u00f3 ayuda a periodistas del espect\u00e1culo, aunque sea para que anunciaran modestamente la obra \u201cEl enfermo imaginario\u201d que estaba representando actualmente en su teatro y jam\u00e1s le respondieron. Y golpear y golpear y el olvido, hace que un d\u00eda digas hasta ac\u00e1 y en vez de ponerte en bolas en un ca\u00f1o y dejarte humillar por Tinelli, ates una soga y te cuelgues. Para muchos puede ser cobard\u00eda, pecado. Para m\u00ed es hombr\u00eda, tener pelotas, terminar con tu vida antes de que lo hagan otros.<\/p>\n<p>Para terminar les agradezco a la gente que lo acompa\u00f1\u00f3 a ese lugarcito que la in\u00fatil Sociedad Argentina de Actores , que jam\u00e1s puso bolas para ayudar a un socio, le di\u00f3 junto a Javier Villafa\u00f1e, Lolita Torres, Nelly Beltr\u00e1n y Marcos Zuccer; estoy seguro que all\u00ed Lolita le ense\u00f1ar\u00e1 a cantar, algo que siempre quiso hacer, Javier lo entretendr\u00e1 con sus bellos textos y los otros lo har\u00e1n reir, estoy seguro de que ahora en el cielo, se est\u00e1 riendo y jugandocon sus perros Alma, Berni, Freddie y sus gatos Jabibi y Bombay; charlando con su mam\u00e1 y con la m\u00eda. Estoy seguro de que ahora, su vida es una fiesta\u00bb.<\/p>\n<p>Hugo H\u00e9ctor del Barrio.<br \/>\n<\/em><\/p>\n","protected":false},"excerpt":{"rendered":"<p>En el comunicado difundido culp\u00f3 a una familia del medio, productores y actores que no lo ayudaron cuando sali\u00f3 a pedir trabajo. El dolor de un amigo, de su \u00abhermano de la vida\u00bb. Tras el suicidio de Osvaldo Guidi, su amigo y co fundador de la escuela de teatro que dirig\u00eda el actor envi\u00f3 un&hellip;<\/p>\n","protected":false},"author":1,"featured_media":0,"comment_status":"open","ping_status":"open","sticky":false,"template":"","format":"standard","meta":{"footnotes":""},"categories":[15],"tags":[3078,8802,8742,256,8803,8801],"class_list":["post-17978","post","type-post","status-publish","format-standard","hentry","category-espectaculos","tag-carta","tag-hugo-hector-del-barrio","tag-osvaldo-guidi","tag-periodistas","tag-productores","tag-seguidores"],"_links":{"self":[{"href":"https:\/\/www.elsindical.com.ar\/notas\/wp-json\/wp\/v2\/posts\/17978","targetHints":{"allow":["GET"]}}],"collection":[{"href":"https:\/\/www.elsindical.com.ar\/notas\/wp-json\/wp\/v2\/posts"}],"about":[{"href":"https:\/\/www.elsindical.com.ar\/notas\/wp-json\/wp\/v2\/types\/post"}],"author":[{"embeddable":true,"href":"https:\/\/www.elsindical.com.ar\/notas\/wp-json\/wp\/v2\/users\/1"}],"replies":[{"embeddable":true,"href":"https:\/\/www.elsindical.com.ar\/notas\/wp-json\/wp\/v2\/comments?post=17978"}],"version-history":[{"count":2,"href":"https:\/\/www.elsindical.com.ar\/notas\/wp-json\/wp\/v2\/posts\/17978\/revisions"}],"predecessor-version":[{"id":17980,"href":"https:\/\/www.elsindical.com.ar\/notas\/wp-json\/wp\/v2\/posts\/17978\/revisions\/17980"}],"wp:attachment":[{"href":"https:\/\/www.elsindical.com.ar\/notas\/wp-json\/wp\/v2\/media?parent=17978"}],"wp:term":[{"taxonomy":"category","embeddable":true,"href":"https:\/\/www.elsindical.com.ar\/notas\/wp-json\/wp\/v2\/categories?post=17978"},{"taxonomy":"post_tag","embeddable":true,"href":"https:\/\/www.elsindical.com.ar\/notas\/wp-json\/wp\/v2\/tags?post=17978"}],"curies":[{"name":"wp","href":"https:\/\/api.w.org\/{rel}","templated":true}]}}