{"id":17919,"date":"2011-10-19T14:30:12","date_gmt":"2011-10-19T17:30:12","guid":{"rendered":"http:\/\/www.elsindical.com.ar\/notas\/?p=17919"},"modified":"2011-10-19T14:30:12","modified_gmt":"2011-10-19T17:30:12","slug":"greciaincidentes-en-quinta-huelga-general-del-ano","status":"publish","type":"post","link":"https:\/\/www.elsindical.com.ar\/notas\/greciaincidentes-en-quinta-huelga-general-del-ano\/","title":{"rendered":"Grecia:Incidentes en quinta huelga general del a\u00f1o"},"content":{"rendered":"<p style=\"text-align: justify;\"><em><a href=\"http:\/\/www.elsindical.com.ar\/notas\/var\/www\/html\/notas\/wp-content\/uploads\/2011\/10\/marcha-Grecia-01.jpg\"><img loading=\"lazy\" decoding=\"async\" class=\"alignleft size-medium wp-image-17920\" title=\"marcha-Grecia-01\" src=\"http:\/\/www.elsindical.com.ar\/notas\/var\/www\/html\/notas\/wp-content\/uploads\/2011\/10\/marcha-Grecia-01-300x225.jpg\" alt=\"\" width=\"300\" height=\"225\" srcset=\"https:\/\/www.elsindical.com.ar\/notas\/var\/www\/html\/notas\/wp-content\/uploads\/2011\/10\/marcha-Grecia-01-300x225.jpg 300w, https:\/\/www.elsindical.com.ar\/notas\/var\/www\/html\/notas\/wp-content\/uploads\/2011\/10\/marcha-Grecia-01.jpg 413w\" sizes=\"auto, (max-width: 300px) 100vw, 300px\" \/><\/a>Seg\u00fan los sindicatos, el paro es el m\u00e1s importante en a\u00f1os y paraliz\u00f3 toda la actividad del pa\u00eds, desde los vuelos y el transporte p\u00fablico a las escuelas y negocios. <strong>Se registraron enfrentamientos entre manifestantes y polic\u00edas en distintos puntos de Atenas. <\/strong><\/em><\/p>\n<p style=\"text-align: justify;\">Manifestantes y polic\u00edas griegos se enfrentaron este mi\u00e9rcoles frente al Parlamento en Atenas.<\/p>\n<p style=\"text-align: justify;\">\u00a0<\/p>\n<p style=\"text-align: justify;\">Todos los sectores de trabajadores, incluyendo dentistas, m\u00e9dicos de hospitales, comerciantes, inspectores impositivos, farmac\u00e9uticos, maestros, periodistas y empleados portuarios se ausentaron de sus puestos como parte de la medida, que llega antes de que el Parlamento vote ma\u00f1ana nuevas medidas de austeridad.<\/p>\n<p>El FMI y la Uni\u00f3n Europea (UE) exigen a Grecia la adopci\u00f3n del nuevo ajuste como condici\u00f3n para seguir otorg\u00e1ndole los distintos tramos de un pr\u00e9stamo de \u00absalvataje\u00bb de 110.000 millones de euros.<\/p>\n<p>El gobierno ya dijo que para mediados de noviembre se quedar\u00e1 sin dinero para salarios y pensiones si no recibe antes el siguiente tramo del pr\u00e9stamo, que totaliza 8.000 millones de euros.<\/p>\n<p>La mayor parte de las cerca de 100.000 personas que se congregaron en el centro de Atenas marcharon y se manifestaron pac\u00edficamente, pero un nutrido grupo de j\u00f3venes arroj\u00f3 piedras y bombas incendiarias contra polic\u00edas en las escalinatas del Parlamento, frente a la c\u00e9ntrica plaza Syntagma.<\/p>\n<p>Los efectivos policiales, 5.000 de los cuales hab\u00edan sido desplegados para evitar disturbios, se replegaron hacia el interior del Parlamento lanzando gases lacrim\u00f3genos.<\/p>\n<p>No lejos del lugar, otros alborotadores incendiaron una garita de la guardia presidencial, inform\u00f3 la cadena de noticias CNN.<\/p>\n<p>Tambi\u00e9n en las inmediaciones de la plaza, grupos de manifestantes arrancaron pedazos de m\u00e1rmol de frentes de edificios con martillos y barretas y rompieron vidrios.<\/p>\n<p>La mayor\u00eda de los que participaron en hechos de violencia cubr\u00edan su rostro con capuchas, m\u00e1scaras o cascos de motocicleta.<\/p>\n<p>Los incidentes fueron presenciados por miles de personas, algunas paradas sobre los techos de kioscos de revistas para tener una mejor vista. Varios manifestantes quemaron basura que estaba tirada sobre las calles.<\/p>\n<p>Al menos 15.000 personas tomaron tambi\u00e9n las calles de Tesal\u00f3nica, la segunda entre las ciudades m\u00e1s grandes de Grecia, donde grupos de manifestantes destruyeron la fachada de unos 10 negocios que desafiaron la huelga y permanecieron abiertos, as\u00ed como de cinco bancos y cajeros autom\u00e1ticos.<\/p>\n<p>La polic\u00eda dispar\u00f3 gases lacrim\u00f3genos y granadas de aturdimiento para dispersar a los manifestantes.<\/p>\n<p>Los vuelos se suspendieron durante la ma\u00f1ana pero se reanudaron luego del mediod\u00eda despu\u00e9s de que los controladores a\u00e9reos decidieran reducir su plan inicial de huelga de 48 a 12 horas.<\/p>\n<p>Los ferries, vitales en un pa\u00eds con tantas islas como Grecia, permanecieron en sus amarraderos, mientras que los trabajadores del transporte p\u00fablico realizaron retenciones de tareas aunque ten\u00edan pensado mantener un reducido servicio de colectivos, tranv\u00edas y del subte de Atenas durante la mayor parte del d\u00eda.<\/p>\n<p>En el Parlamento, el ministro de Finanzas Evangelos Venizelos dijo a los diputados que Gracia no tiene otra opci\u00f3n que profundizar las medidas de austeridad.<\/p>\n<p>\u00abTenemos que explicar a todas estas personas indignadas que ven cambiar sus vidas que lo que est\u00e1 experimentando el pa\u00eds no es el peor estad\u00edo de la crisis\u00bb, dijo el ministro.<\/p>\n<p>\u00abEs un esfuerzo angustiante y necesario para evitar el m\u00e1ximo nivel de la crisis, el m\u00e1s profundo y duro. La diferencia entre una situaci\u00f3n dif\u00edcil y una cat\u00e1strofe es inmensa\u00bb, agreg\u00f3.<\/p>\n<p>Miles de polic\u00edas fueron desplegados en el centro de Atenas, donde bloquearon una avenida que lleva al Parlamento y cerraron dos estaciones de subte cercanas para evitar problemas durante la marcha de los huelguistas.<\/p>\n<p>\u00abNo podemos tolerar m\u00e1s esto. Hay desesperaci\u00f3n y bronca\u00bb, dijo el jefe del sindicato de trabajadores municipales de Atenas, Nikos Anastasopoulos.<\/p>\n<p>En junio pasado, una huelga similar de 48 horas se torn\u00f3 violenta cuando alborotadores se enfrentaron con la polic\u00eda en ambas jornadas de protesta mientras los diputados votaban otro ajuste en el Parlamento.<\/p>\n<p>\u00abCreemos que la huelga ser\u00e1 la mayor en d\u00e9cadas\u00bb, dijo Ilias Vrettakos, el \u00absegundo\u00bb de la central de trabajadores estatales ADEDY.<\/p>\n<p>Monta\u00f1as de basura segu\u00edan apiladas en las esquinas de Atenas pese a un fallo judicial emitido ayer por el que se intim\u00f3 a los recolectores de basura a retornar al trabajo luego de un paro sin precedentes de 17 d\u00edas.<\/p>\n<p>Empleados p\u00fablicos vienen realizando tambi\u00e9n sentadas en edificios de gobierno como el Ministerio de Finanzas, que est\u00e1 ocupado por un grupo de trabajadores desde hace varios d\u00edas.<\/p>\n<p>El primer ministro griego, Giorgios Papandreou, pidi\u00f3 ayer el fin de las protestas.<\/p>\n<p>\u00abMe gustar\u00eda preguntarles a todos aquellos que ocupan edificios ministeriales, invaden las calles con basura, cierran puertos, cierran el Acr\u00f3polis, si esto nos ayuda a ponernos de pie otra vez&#8230;por supuesto que no\u00bb, dijo Papandreu en el Parlamento.<\/p>\n<p>Las medidas que se votar\u00e1n ma\u00f1ana en el Parlamento llegan tras m\u00e1s de un a\u00f1o y medio de repetidos ajustes con recortes salariales y de pensiones, aumentos de impuestos, nuevos grav\u00e1menes, suspensi\u00f3n de convenios colectivos de trabajo y el despido de 30.000 estatales sobre un total de 750.000.<\/p>\n<p>Las reformas fueron tan impopulares que incluso algunos legisladores del oficialismo socialista indicaron que podr\u00edan votar en contra de algunas de las nuevas medidas.<\/p>\n","protected":false},"excerpt":{"rendered":"<p>Seg\u00fan los sindicatos, el paro es el m\u00e1s importante en a\u00f1os y paraliz\u00f3 toda la actividad del pa\u00eds, desde los vuelos y el transporte p\u00fablico a las escuelas y negocios. Se registraron enfrentamientos entre manifestantes y polic\u00edas en distintos puntos de Atenas. Manifestantes y polic\u00edas griegos se enfrentaron este mi\u00e9rcoles frente al Parlamento en Atenas.&hellip;<\/p>\n","protected":false},"author":1,"featured_media":0,"comment_status":"open","ping_status":"open","sticky":false,"template":"","format":"standard","meta":{"footnotes":""},"categories":[18],"tags":[3348,3346,1229,602,67,30],"class_list":["post-17919","post","type-post","status-publish","format-standard","hentry","category-internacionales","tag-atenas","tag-grecia","tag-incidentes","tag-manifestantes","tag-paro","tag-policia"],"_links":{"self":[{"href":"https:\/\/www.elsindical.com.ar\/notas\/wp-json\/wp\/v2\/posts\/17919","targetHints":{"allow":["GET"]}}],"collection":[{"href":"https:\/\/www.elsindical.com.ar\/notas\/wp-json\/wp\/v2\/posts"}],"about":[{"href":"https:\/\/www.elsindical.com.ar\/notas\/wp-json\/wp\/v2\/types\/post"}],"author":[{"embeddable":true,"href":"https:\/\/www.elsindical.com.ar\/notas\/wp-json\/wp\/v2\/users\/1"}],"replies":[{"embeddable":true,"href":"https:\/\/www.elsindical.com.ar\/notas\/wp-json\/wp\/v2\/comments?post=17919"}],"version-history":[{"count":1,"href":"https:\/\/www.elsindical.com.ar\/notas\/wp-json\/wp\/v2\/posts\/17919\/revisions"}],"predecessor-version":[{"id":17921,"href":"https:\/\/www.elsindical.com.ar\/notas\/wp-json\/wp\/v2\/posts\/17919\/revisions\/17921"}],"wp:attachment":[{"href":"https:\/\/www.elsindical.com.ar\/notas\/wp-json\/wp\/v2\/media?parent=17919"}],"wp:term":[{"taxonomy":"category","embeddable":true,"href":"https:\/\/www.elsindical.com.ar\/notas\/wp-json\/wp\/v2\/categories?post=17919"},{"taxonomy":"post_tag","embeddable":true,"href":"https:\/\/www.elsindical.com.ar\/notas\/wp-json\/wp\/v2\/tags?post=17919"}],"curies":[{"name":"wp","href":"https:\/\/api.w.org\/{rel}","templated":true}]}}