{"id":17801,"date":"2011-10-16T23:54:30","date_gmt":"2011-10-17T02:54:30","guid":{"rendered":"http:\/\/www.elsindical.com.ar\/notas\/?p=17801"},"modified":"2011-10-16T23:54:30","modified_gmt":"2011-10-17T02:54:30","slug":"abrazo-solidario-al-sanatorio-julio-mendez-y-anuncio-de-nueva-movilizacion-de-profesionales","status":"publish","type":"post","link":"https:\/\/www.elsindical.com.ar\/notas\/abrazo-solidario-al-sanatorio-julio-mendez-y-anuncio-de-nueva-movilizacion-de-profesionales\/","title":{"rendered":"Abrazo solidario al sanatorio Julio Mendez y anuncio de nueva movilizaci\u00f3n de profesionales"},"content":{"rendered":"<p style=\"text-align: justify;\"><em><a href=\"http:\/\/www.elsindical.com.ar\/notas\/var\/www\/html\/notas\/wp-content\/uploads\/2011\/10\/profesionales-Sanatorio-Jul.jpg\"><img loading=\"lazy\" decoding=\"async\" class=\"alignleft size-medium wp-image-17802\" title=\"profesionales-Sanatorio-Jul\" src=\"http:\/\/www.elsindical.com.ar\/notas\/var\/www\/html\/notas\/wp-content\/uploads\/2011\/10\/profesionales-Sanatorio-Jul-258x300.jpg\" alt=\"\" width=\"258\" height=\"300\" srcset=\"https:\/\/www.elsindical.com.ar\/notas\/var\/www\/html\/notas\/wp-content\/uploads\/2011\/10\/profesionales-Sanatorio-Jul-258x300.jpg 258w, https:\/\/www.elsindical.com.ar\/notas\/var\/www\/html\/notas\/wp-content\/uploads\/2011\/10\/profesionales-Sanatorio-Jul.jpg 413w\" sizes=\"auto, (max-width: 258px) 100vw, 258px\" \/><\/a>La Asociaci\u00f3n Sindical de Profesionales del sanatorio Dr. Julio M\u00e9ndez, realiz\u00f3 un abrazo solidario a ese centro asistencial, para denunciar \u00abnegociaciones salariales incumplidas, el deterioro de la infraestructura y la tercerizaci\u00f3n de servicios\u00bb.<\/em><\/p>\n<p style=\"text-align: justify;\">Para los profesionales, \u00abla intervenci\u00f3n macrista no se fue\u00bb y aseguran que \u00ablas pol\u00edticas del directorio y del Gobierno de la Ciudad, est\u00e1n basados en criterios economicistas, donde la atenci\u00f3n de los pacientes es un gasto y no un derecho inalienable\u00bb.<\/p>\n<p style=\"text-align: justify;\">Los trabajadores de la salud reclaman \u00abuna paritaria salarial no resuelta en su segunda y tercera cuota\u00bb, al tiempo que denuncian una \u00abausencia de pol\u00edtica de recursos humanos, falta de nombramientos en \u00e1reas claves, cargos vacantes ocupados por monotributistas\u00a0 y una liquidaci\u00f3n de haberes err\u00f3nea\u00bb.\u00a0<\/p>\n<p style=\"text-align: justify;\">Los profesionales del sanatorio municipal, iniciaron un plan de lucha que incluye asambleas y movilizaciones, donde denuncian \u00abuna p\u00e9sima gesti\u00f3n sanatorial, deficiente, improvisada e inoperante, que no es reconocida por el cuerpo profesional\u00bb.\u00a0\u00a0<\/p>\n<p style=\"text-align: justify;\">En un comunicado, el secretario General de la Asociaci\u00f3n Sindical de Profesionales del Sanatorio Municipal (ASIPRO), Dr. Jorge Garc\u00eda Roel, critic\u00f3 con dureza al directorio de la Obra Social de Buenos Aires (ObSBA) y lo responsabiliz\u00f3 por \u00abel deterioro y abandono edilicio, la falta de insumos en \u00e1reas cr\u00edticas y un equipamiento m\u00e9dico obsoleto\u00bb.\u00a0<\/p>\n<p style=\"text-align: justify;\">\u00abEsta desacertada gesti\u00f3n, pone en peligro la salud, y en riesgo m\u00e9dico legal, a los profesionales del sanatorio\u00bb, asever\u00f3 Garc\u00eda Roel.<\/p>\n<p style=\"text-align: justify;\">Para la Comisi\u00f3n Directiva de ASIPRO, \u00abesta administraci\u00f3n, lejos de atacar los problemas estructurales, lo que ha hecho es deteriorar el funcionamiento de los servicios, tercerizando los mismos o adoptando medidas que perjudican la correcta atenci\u00f3n de los afiliados\u00bb.<\/p>\n<p style=\"text-align: justify;\">Los profesionales del Sanatorio M\u00e9ndez, que agrupa a los profesionales que trabajan en ObSBA, la obra social de los municipales porte\u00f1os, volver\u00e1n a movilizarse el pr\u00f3ximo jueves 20 de octubre a las 12.<\/p>\n<p>As\u00ed lo dispuso ASIPRO, la asociaci\u00f3n gremial que los nuclea. La medida de fuerza consistir\u00e1 en un corte del tr\u00e1nsito en Acoyte y Avellaneda, en el barrio de Caballito de la ciudad de Buenos Aires, tras el cual se realizar\u00e1 un acto en el hall central del Sanatorio M\u00e9ndez, ubicado en Avellaneda 551.<\/p>\n<p>\u00abNo podemos curar en un sanatorio enfermo\u00bb, reiter\u00f3 el titular de ASIPRO, Jorge Garc\u00eda Roel que volvi\u00f3 a denunciar la absoluta precariedad laboral que afecta a 26 profesionales de ese centro de salud.<\/p>\n<p>\u00abTenemos 14 m\u00e9dicos que est\u00e1n trabajando desde agosto y que a\u00fan no han cobrado y 12 m\u00e9dicos que comenzaron a cobrar sus haberes pero se niegan a pagarles el retroactivo correspondiente\u00bb, afirm\u00f3 Garc\u00eda Roel.<\/p>\n<p>La movilizaci\u00f3n de ASIPRO forma parte de un plan de lucha con el objetivo de que \u00abel Sanatorio M\u00e9ndez vuelva a ser un centro de atenci\u00f3n de excelencia con amplia cobertura en todas las especialidades\u00bb, dijo Garc\u00eda Roel.<\/p>\n<p>\u00abEsto es posible y se estaba realizando hasta la intervenci\u00f3n del gobierno de Macri y la conducci\u00f3n posterior\u00bb, denunci\u00f3 el secretario general de ASIPRO quien se\u00f1al\u00f3 tambi\u00e9n que \u00abesta lucha es coherente con los reclamos de mejor atenci\u00f3n de los trabajadores municipales y con las reivindicaciones que est\u00e1n llevando a cabo los docentes porte\u00f1os\u00bb.<\/p>\n","protected":false},"excerpt":{"rendered":"<p>La Asociaci\u00f3n Sindical de Profesionales del sanatorio Dr. Julio M\u00e9ndez, realiz\u00f3 un abrazo solidario a ese centro asistencial, para denunciar \u00abnegociaciones salariales incumplidas, el deterioro de la infraestructura y la tercerizaci\u00f3n de servicios\u00bb. Para los profesionales, \u00abla intervenci\u00f3n macrista no se fue\u00bb y aseguran que \u00ablas pol\u00edticas del directorio y del Gobierno de la Ciudad,&hellip;<\/p>\n","protected":false},"author":1,"featured_media":0,"comment_status":"open","ping_status":"open","sticky":false,"template":"","format":"standard","meta":{"footnotes":""},"categories":[16],"tags":[8712,8711,8714,884,8018,8713,8710],"class_list":["post-17801","post","type-post","status-publish","format-standard","hentry","category-gremiales","tag-asipro","tag-asociacion-sindical-de-profesionales-del-sanatorio-dr-julio-mendez","tag-dr-jorge-garcia-roel","tag-macrismo","tag-negociados","tag-obsba","tag-sanatorio-julio-mendez"],"_links":{"self":[{"href":"https:\/\/www.elsindical.com.ar\/notas\/wp-json\/wp\/v2\/posts\/17801","targetHints":{"allow":["GET"]}}],"collection":[{"href":"https:\/\/www.elsindical.com.ar\/notas\/wp-json\/wp\/v2\/posts"}],"about":[{"href":"https:\/\/www.elsindical.com.ar\/notas\/wp-json\/wp\/v2\/types\/post"}],"author":[{"embeddable":true,"href":"https:\/\/www.elsindical.com.ar\/notas\/wp-json\/wp\/v2\/users\/1"}],"replies":[{"embeddable":true,"href":"https:\/\/www.elsindical.com.ar\/notas\/wp-json\/wp\/v2\/comments?post=17801"}],"version-history":[{"count":1,"href":"https:\/\/www.elsindical.com.ar\/notas\/wp-json\/wp\/v2\/posts\/17801\/revisions"}],"predecessor-version":[{"id":17803,"href":"https:\/\/www.elsindical.com.ar\/notas\/wp-json\/wp\/v2\/posts\/17801\/revisions\/17803"}],"wp:attachment":[{"href":"https:\/\/www.elsindical.com.ar\/notas\/wp-json\/wp\/v2\/media?parent=17801"}],"wp:term":[{"taxonomy":"category","embeddable":true,"href":"https:\/\/www.elsindical.com.ar\/notas\/wp-json\/wp\/v2\/categories?post=17801"},{"taxonomy":"post_tag","embeddable":true,"href":"https:\/\/www.elsindical.com.ar\/notas\/wp-json\/wp\/v2\/tags?post=17801"}],"curies":[{"name":"wp","href":"https:\/\/api.w.org\/{rel}","templated":true}]}}