{"id":17797,"date":"2011-10-16T23:37:37","date_gmt":"2011-10-17T02:37:37","guid":{"rendered":"http:\/\/www.elsindical.com.ar\/notas\/?p=17797"},"modified":"2011-10-16T23:37:37","modified_gmt":"2011-10-17T02:37:37","slug":"chileestudiantes-ratifican-el-paro-y-movilizacion-del-martes-y-miercoles","status":"publish","type":"post","link":"https:\/\/www.elsindical.com.ar\/notas\/chileestudiantes-ratifican-el-paro-y-movilizacion-del-martes-y-miercoles\/","title":{"rendered":"Chile:Estudiantes ratifican el paro y movilizaci\u00f3n del martes y mi\u00e9rcoles"},"content":{"rendered":"<p style=\"text-align: justify;\"><em><a href=\"http:\/\/www.elsindical.com.ar\/notas\/var\/www\/html\/notas\/wp-content\/uploads\/2011\/10\/marcha-estudiantes-chilenos.jpg\"><img loading=\"lazy\" decoding=\"async\" class=\"alignleft size-medium wp-image-17798\" title=\"marcha-estudiantes-chilenos\" src=\"http:\/\/www.elsindical.com.ar\/notas\/var\/www\/html\/notas\/wp-content\/uploads\/2011\/10\/marcha-estudiantes-chilenos-300x200.jpg\" alt=\"\" width=\"300\" height=\"200\" srcset=\"https:\/\/www.elsindical.com.ar\/notas\/var\/www\/html\/notas\/wp-content\/uploads\/2011\/10\/marcha-estudiantes-chilenos-300x200.jpg 300w, https:\/\/www.elsindical.com.ar\/notas\/var\/www\/html\/notas\/wp-content\/uploads\/2011\/10\/marcha-estudiantes-chilenos.jpg 413w\" sizes=\"auto, (max-width: 300px) 100vw, 300px\" \/><\/a>El movimiento estudiantil chileno realizar\u00e1 un nuevo paro nacional el martes y mi\u00e9rcoles, tras cinco meses de protestas por una educaci\u00f3n de calidad y gratuita. La Confederaci\u00f3n de Estudiantes de Chile manifest\u00f3 tambi\u00e9n su repudio a los desalojos de establecimientos ocurridos en los \u00faltimos d\u00edas, que afectaron a las universidades Cat\u00f3lica de Valpara\u00edso y de la Frontera.<\/em><\/p>\n<p style=\"text-align: justify;\">La Confederaci\u00f3n de Estudiantes de Chile (Confech) ratific\u00f3 la convocatoria a paro nacional para el martes y el mi\u00e9rcoles pr\u00f3ximos, y repudi\u00f3 los desalojos de universidades ocurridos en los \u00faltimos d\u00edas.<\/p>\n<p>Camilo Ballesteros, dirigente de la Federaci\u00f3n de Estudiantes de la Universidad de Santiago, detall\u00f3 que el martes realizar\u00e1n un cacelorazo en todo el pa\u00eds, mientras para el mi\u00e9rcoles se preparan cuatro marchas en la capital.<\/p>\n<p>La Confech manifest\u00f3 tambi\u00e9n su repudio a los desalojos de establecimientos ocurridos en los \u00faltimos d\u00edas, que afectaron a las universidades Cat\u00f3lica de Valpara\u00edso y de la Frontera.<\/p>\n<p>En Par\u00eds, el vocero de la Confech Giorgio Jackson inst\u00f3 a los rectores a ser parte de la soluci\u00f3n del conflicto educacional, que se extiende por m\u00e1s de cinco meses.<\/p>\n<p>\u201cUna de las cosas que uno espera, y muchos de los estudiantes que hoy en d\u00eda est\u00e1n moviliz\u00e1ndose y que llevan mucho tiempo asumiendo el costo de esta movilizaci\u00f3n, es que no sea en vano, y que en el momento en que los rectores tambi\u00e9n puedan ejercer la presi\u00f3n, sean parte de la soluci\u00f3n y no caigan en las presiones del mismo sistema\u201d, dijo Jackson.<\/p>\n<p>En tanto, el presidente del Colegio de Profesores, Jaime Gajardo, emplaz\u00f3 al gobierno a admitir que se requieren cambios de fondo en el sistema educativo.<\/p>\n<p>\u201cEstamos por una demanda por cambios sist\u00e9micos, por lo que la receta de Harvard no les ha resultado; esta modalidad ha sido sobrepasada y el manual de los Chicago`s Boys qued\u00f3 ajeno a este conflicto\u201d, se\u00f1al\u00f3, seg\u00fan report\u00f3 la agencia noticiosa ANSA.<\/p>\n","protected":false},"excerpt":{"rendered":"<p>El movimiento estudiantil chileno realizar\u00e1 un nuevo paro nacional el martes y mi\u00e9rcoles, tras cinco meses de protestas por una educaci\u00f3n de calidad y gratuita. La Confederaci\u00f3n de Estudiantes de Chile manifest\u00f3 tambi\u00e9n su repudio a los desalojos de establecimientos ocurridos en los \u00faltimos d\u00edas, que afectaron a las universidades Cat\u00f3lica de Valpara\u00edso y de&hellip;<\/p>\n","protected":false},"author":1,"featured_media":0,"comment_status":"open","ping_status":"open","sticky":false,"template":"","format":"standard","meta":{"footnotes":""},"categories":[18],"tags":[1200,8578,102,156,67],"class_list":["post-17797","post","type-post","status-publish","format-standard","hentry","category-internacionales","tag-chile","tag-educacion-gratuita","tag-estudiantes","tag-marcha","tag-paro"],"_links":{"self":[{"href":"https:\/\/www.elsindical.com.ar\/notas\/wp-json\/wp\/v2\/posts\/17797","targetHints":{"allow":["GET"]}}],"collection":[{"href":"https:\/\/www.elsindical.com.ar\/notas\/wp-json\/wp\/v2\/posts"}],"about":[{"href":"https:\/\/www.elsindical.com.ar\/notas\/wp-json\/wp\/v2\/types\/post"}],"author":[{"embeddable":true,"href":"https:\/\/www.elsindical.com.ar\/notas\/wp-json\/wp\/v2\/users\/1"}],"replies":[{"embeddable":true,"href":"https:\/\/www.elsindical.com.ar\/notas\/wp-json\/wp\/v2\/comments?post=17797"}],"version-history":[{"count":2,"href":"https:\/\/www.elsindical.com.ar\/notas\/wp-json\/wp\/v2\/posts\/17797\/revisions"}],"predecessor-version":[{"id":17800,"href":"https:\/\/www.elsindical.com.ar\/notas\/wp-json\/wp\/v2\/posts\/17797\/revisions\/17800"}],"wp:attachment":[{"href":"https:\/\/www.elsindical.com.ar\/notas\/wp-json\/wp\/v2\/media?parent=17797"}],"wp:term":[{"taxonomy":"category","embeddable":true,"href":"https:\/\/www.elsindical.com.ar\/notas\/wp-json\/wp\/v2\/categories?post=17797"},{"taxonomy":"post_tag","embeddable":true,"href":"https:\/\/www.elsindical.com.ar\/notas\/wp-json\/wp\/v2\/tags?post=17797"}],"curies":[{"name":"wp","href":"https:\/\/api.w.org\/{rel}","templated":true}]}}