{"id":17767,"date":"2011-10-15T19:56:24","date_gmt":"2011-10-15T22:56:24","guid":{"rendered":"http:\/\/www.elsindical.com.ar\/notas\/?p=17767"},"modified":"2011-10-15T19:56:24","modified_gmt":"2011-10-15T22:56:24","slug":"corsi-el-psicologo-acusado-de-abusar-de-menores-beneficiado-con-un-abreviado","status":"publish","type":"post","link":"https:\/\/www.elsindical.com.ar\/notas\/corsi-el-psicologo-acusado-de-abusar-de-menores-beneficiado-con-un-abreviado\/","title":{"rendered":"Corsi el psic\u00f3logo acusado de abusar de menores beneficiado con un abreviado"},"content":{"rendered":"<p style=\"text-align: justify;\"><em>\u00a0 <a href=\"http:\/\/www.elsindical.com.ar\/notas\/var\/www\/html\/notas\/wp-content\/uploads\/2010\/03\/Jorge-Corsi-fotos-prontuari.jpg\"><img loading=\"lazy\" decoding=\"async\" class=\"alignleft size-full wp-image-4764\" title=\"Jorge-Corsi-fotos-prontuari\" src=\"http:\/\/www.elsindical.com.ar\/notas\/var\/www\/html\/notas\/wp-content\/uploads\/2010\/03\/Jorge-Corsi-fotos-prontuari.jpg\" alt=\"\" width=\"255\" height=\"149\" \/><\/a>El reconocido psic\u00f3logo Jorge Corsi, que fuera detenido y procesado acusado de formar parte de una banda de ped\u00f3filos que captaban a menores y mediante enga\u00f1os y regalos luego abusaban de ellos, evitar\u00eda el jucio oral, en un proceso abreviado en el que la Fiscal\u00eda y la defensa acordaron una pena de tan solo 3 a\u00f1os de cumplimiento efectivo, lo que en la practica implicar\u00eda que Corsi cumplir\u00eda unos meses de prisi\u00f3n, si es que no se le otorga un arresto domiciliario, un acto m\u00e1s de verg\u00fcenza de nuestra Justicia.<\/em><\/p>\n<p style=\"text-align: justify;\">La justicia acord\u00f3 una pena de tres a\u00f1os de c\u00e1rcel efectiva para el psic\u00f3logo Jorge Corsi por el delito de abuso sexual y corrupci\u00f3n de menores en perjuicio de un nene de 13 a\u00f1os.<\/p>\n<p>El abogado querellante Javier Moral confirm\u00f3 que \u00abes un hecho que la Fiscal\u00eda y la defensa acordaron la pena de tres a\u00f1os de c\u00e1rcel para Corsi. Salvo que un Juez del Tribunal se oponga, el fallo quedar\u00e1 as\u00ed\u00bb.<\/p>\n<p>En di\u00e1logo radial, Moral dijo tambi\u00e9n que \u00ablo m\u00e1s probable es que el Tribunal oper\u00e9 dando por v\u00e1lido el acuerdo por el que tambi\u00e9n se condena a Marcelo Rocca Clement a una pena \u00fanica de 13 a\u00f1os y 10 meses, sumando una condena anterior de 11 a\u00f1os\u00bb.<\/p>\n<p>Corsi est\u00e1 excarcelado, acusado y procesado por corromper sexualmente a un chico de 13 a\u00f1os a quien capt\u00f3 a base de regalos y enga\u00f1os.<\/p>\n<p>El caso empez\u00f3 en 2008 cuando el chico le cont\u00f3 los abusos a sus pap\u00e1s que hicieron la denuncia penal.<\/p>\n<p>El juicio oral tendr\u00eda que empezar el 12 de marzo y deber\u00eda llevarlo adelante el Tribunal Oral 11.<\/p>\n<p style=\"text-align: justify;\">En ambos casos es repudiable el monto de la condena, por Corsi por el agravante de tratarse de alguien con experiencia en el tratamiento de menores abusados y que se vali\u00f3 de sus conocimientos para tener el \u00abcontrol\u00bb de los menores y Clement, es un reincidente en causas por abuso, al que solo se le aplican dos a\u00f1os a su condena anterior de 11, para que alg\u00fan pol\u00edtico considere denunciar al Fiscal.<\/p>\n","protected":false},"excerpt":{"rendered":"<p>\u00a0 El reconocido psic\u00f3logo Jorge Corsi, que fuera detenido y procesado acusado de formar parte de una banda de ped\u00f3filos que captaban a menores y mediante enga\u00f1os y regalos luego abusaban de ellos, evitar\u00eda el jucio oral, en un proceso abreviado en el que la Fiscal\u00eda y la defensa acordaron una pena de tan solo&hellip;<\/p>\n","protected":false},"author":1,"featured_media":0,"comment_status":"open","ping_status":"open","sticky":false,"template":"","format":"standard","meta":{"footnotes":""},"categories":[20],"tags":[342,3345,8693,8695,252,2504,8694],"class_list":["post-17767","post","type-post","status-publish","format-standard","hentry","category-judiciales","tag-abuso","tag-condenas","tag-jorge-corsi","tag-marcelo-rocca-clement","tag-menores","tag-pedofilos","tag-psicologo"],"_links":{"self":[{"href":"https:\/\/www.elsindical.com.ar\/notas\/wp-json\/wp\/v2\/posts\/17767","targetHints":{"allow":["GET"]}}],"collection":[{"href":"https:\/\/www.elsindical.com.ar\/notas\/wp-json\/wp\/v2\/posts"}],"about":[{"href":"https:\/\/www.elsindical.com.ar\/notas\/wp-json\/wp\/v2\/types\/post"}],"author":[{"embeddable":true,"href":"https:\/\/www.elsindical.com.ar\/notas\/wp-json\/wp\/v2\/users\/1"}],"replies":[{"embeddable":true,"href":"https:\/\/www.elsindical.com.ar\/notas\/wp-json\/wp\/v2\/comments?post=17767"}],"version-history":[{"count":1,"href":"https:\/\/www.elsindical.com.ar\/notas\/wp-json\/wp\/v2\/posts\/17767\/revisions"}],"predecessor-version":[{"id":17768,"href":"https:\/\/www.elsindical.com.ar\/notas\/wp-json\/wp\/v2\/posts\/17767\/revisions\/17768"}],"wp:attachment":[{"href":"https:\/\/www.elsindical.com.ar\/notas\/wp-json\/wp\/v2\/media?parent=17767"}],"wp:term":[{"taxonomy":"category","embeddable":true,"href":"https:\/\/www.elsindical.com.ar\/notas\/wp-json\/wp\/v2\/categories?post=17767"},{"taxonomy":"post_tag","embeddable":true,"href":"https:\/\/www.elsindical.com.ar\/notas\/wp-json\/wp\/v2\/tags?post=17767"}],"curies":[{"name":"wp","href":"https:\/\/api.w.org\/{rel}","templated":true}]}}