{"id":17681,"date":"2011-10-13T12:19:26","date_gmt":"2011-10-13T15:19:26","guid":{"rendered":"http:\/\/www.elsindical.com.ar\/notas\/?p=17681"},"modified":"2011-10-13T12:19:26","modified_gmt":"2011-10-13T15:19:26","slug":"chileserios-incidentes-en-el-inicio-de-una-nueva-marcha-de-estudiantes","status":"publish","type":"post","link":"https:\/\/www.elsindical.com.ar\/notas\/chileserios-incidentes-en-el-inicio-de-una-nueva-marcha-de-estudiantes\/","title":{"rendered":"Chile:Serios incidentes en el inicio de una nueva marcha de estudiantes"},"content":{"rendered":"<p style=\"text-align: justify;\"><em><a href=\"http:\/\/www.elsindical.com.ar\/notas\/var\/www\/html\/notas\/wp-content\/uploads\/2011\/10\/nuevos-incidentes-en-Chile.jpg\"><img loading=\"lazy\" decoding=\"async\" class=\"alignleft size-medium wp-image-17682\" title=\"nuevos-incidentes-en-Chile\" src=\"http:\/\/www.elsindical.com.ar\/notas\/var\/www\/html\/notas\/wp-content\/uploads\/2011\/10\/nuevos-incidentes-en-Chile-300x225.jpg\" alt=\"\" width=\"300\" height=\"225\" srcset=\"https:\/\/www.elsindical.com.ar\/notas\/var\/www\/html\/notas\/wp-content\/uploads\/2011\/10\/nuevos-incidentes-en-Chile-300x225.jpg 300w, https:\/\/www.elsindical.com.ar\/notas\/var\/www\/html\/notas\/wp-content\/uploads\/2011\/10\/nuevos-incidentes-en-Chile.jpg 413w\" sizes=\"auto, (max-width: 300px) 100vw, 300px\" \/><\/a>Los manifestantes levantaron barricadas en varios puntos de Santiago de Chile, antes de la realizaci\u00f3n de una nueva movilizaci\u00f3n en reclamo de una educaci\u00f3n gratuita y de mejor calidad. En medio de empujones, los Carabineros desalojaron a 30 alumnos de la Universidad Tecnol\u00f3gica Metropolitana que hab\u00edan irrumpido en el edificio p\u00fablico. A ra\u00edz de los disturbios y al uso de bombas lacrim\u00f3genas, la estaci\u00f3n del metro de Santiago fue cerrada y el tr\u00e1nsito fue desviado.<\/em><\/p>\n<p style=\"text-align: justify;\">Diversos incidentes se produjeron hoy en Santiago cuando las fuerzas de seguridad intentaron despejar barricadas colocadas por estudiantes, horas antes de la realizaci\u00f3n de una nueva marcha en reclamo de una educaci\u00f3n gratuita y de mejor calidad.<\/p>\n<p>Frente a la Universidad de Santiago, personas encapuchadas lanzaron piedras a carabineros, quienes respondieron de inmediato con carros hidrantes y la acci\u00f3n de efectivos de fuerzas especiales, rese\u00f1aron Ansa y diarios chilenos.<\/p>\n<p>Debido a los disturbios y al uso de bombas lacrim\u00f3genas la estaci\u00f3n del metro Universidad de Santiago fue cerrada moment\u00e1neamente y el tr\u00e1nsito fue desviado.<\/p>\n<p>El dirigente de la Asamblea de la Coordinadora de Estudiantes Secundarios (ACES), Alfredo Vielma, inform\u00f3 que la marcha, que no fue autorizada por la intendencia, se iniciar\u00e1 a las 13.30 en Plaza Italia, para culminar frente al ministerio de Educaci\u00f3n.<\/p>\n<p>Por otra parte, la presidenta de la Federaci\u00f3n de Estudiantes, Camila Vallejo, desminti\u00f3 una eventual candidatura a diputada por la comuna de Cerro Navia, luego de que ayer aparecieran muros con leyendas alusivas en esa comuna.<\/p>\n<p>\u00abDesmiento ser candidata a alg\u00fan cargo de rep. popular, en particular a Diputada por Cerro Navia. Espero no sea maniobra de la derecha!\u00bb, se\u00f1al\u00f3 la carism\u00e1tica l\u00edder estudiantil a trav\u00e9s de Twitter.<\/p>\n<p>\u00abCamila Vallejo Diputada\u00bb, se\u00f1alan las pintadas que aparecieron en el sector de Mapocho y Avenida Las Torres, punto neur\u00e1lgico de Cerro Navia, que es clave entre los brigadistas que hacen campa\u00f1as pol\u00edticas para las elecciones en el distrito 18, publica hoy el diario La Segunda.<\/p>\n<p>Al respecto, el titular del Partido Comunista, Guillermo Teillier, asegur\u00f3 que Vallejo \u00abno se est\u00e1 candid hateando, sino que es una iniciativa ciudadana. A lo mejor la van a promover para muchas cosas, pero esto depender\u00e1 de ella, ella milita en las Juventudes Comunistas y ah\u00ed deber\u00e1 conversarlo\u00bb.<\/p>\n<p>Explic\u00f3 que \u00absu nombre est\u00e1 apareciendo para diferentes cargos, lo que me parece muy bien. Puede ser hasta candidata a Presidenta de la Rep\u00fablica. Es muy bueno para la renovaci\u00f3n\u00bb.<\/p>\n","protected":false},"excerpt":{"rendered":"<p>Los manifestantes levantaron barricadas en varios puntos de Santiago de Chile, antes de la realizaci\u00f3n de una nueva movilizaci\u00f3n en reclamo de una educaci\u00f3n gratuita y de mejor calidad. En medio de empujones, los Carabineros desalojaron a 30 alumnos de la Universidad Tecnol\u00f3gica Metropolitana que hab\u00edan irrumpido en el edificio p\u00fablico. A ra\u00edz de los&hellip;<\/p>\n","protected":false},"author":1,"featured_media":0,"comment_status":"open","ping_status":"open","sticky":false,"template":"","format":"standard","meta":{"footnotes":""},"categories":[18],"tags":[4566,1200,102,1229,156],"class_list":["post-17681","post","type-post","status-publish","format-standard","hentry","category-internacionales","tag-carabineros","tag-chile","tag-estudiantes","tag-incidentes","tag-marcha"],"_links":{"self":[{"href":"https:\/\/www.elsindical.com.ar\/notas\/wp-json\/wp\/v2\/posts\/17681","targetHints":{"allow":["GET"]}}],"collection":[{"href":"https:\/\/www.elsindical.com.ar\/notas\/wp-json\/wp\/v2\/posts"}],"about":[{"href":"https:\/\/www.elsindical.com.ar\/notas\/wp-json\/wp\/v2\/types\/post"}],"author":[{"embeddable":true,"href":"https:\/\/www.elsindical.com.ar\/notas\/wp-json\/wp\/v2\/users\/1"}],"replies":[{"embeddable":true,"href":"https:\/\/www.elsindical.com.ar\/notas\/wp-json\/wp\/v2\/comments?post=17681"}],"version-history":[{"count":2,"href":"https:\/\/www.elsindical.com.ar\/notas\/wp-json\/wp\/v2\/posts\/17681\/revisions"}],"predecessor-version":[{"id":17684,"href":"https:\/\/www.elsindical.com.ar\/notas\/wp-json\/wp\/v2\/posts\/17681\/revisions\/17684"}],"wp:attachment":[{"href":"https:\/\/www.elsindical.com.ar\/notas\/wp-json\/wp\/v2\/media?parent=17681"}],"wp:term":[{"taxonomy":"category","embeddable":true,"href":"https:\/\/www.elsindical.com.ar\/notas\/wp-json\/wp\/v2\/categories?post=17681"},{"taxonomy":"post_tag","embeddable":true,"href":"https:\/\/www.elsindical.com.ar\/notas\/wp-json\/wp\/v2\/tags?post=17681"}],"curies":[{"name":"wp","href":"https:\/\/api.w.org\/{rel}","templated":true}]}}