{"id":1768,"date":"2009-11-18T00:57:27","date_gmt":"2009-11-18T03:57:27","guid":{"rendered":"http:\/\/www.elsindical.com.ar\/notas\/?p=1768"},"modified":"2009-11-18T00:57:27","modified_gmt":"2009-11-18T03:57:27","slug":"trabajadores-del-subte-decidiran-este-miercoles-si-vuelven-a-parar","status":"publish","type":"post","link":"https:\/\/www.elsindical.com.ar\/notas\/trabajadores-del-subte-decidiran-este-miercoles-si-vuelven-a-parar\/","title":{"rendered":"Trabajadores del subte decidir\u00e1n este mi\u00e9rcoles si vuelven a parar"},"content":{"rendered":"<p style=\"text-align: justify;\"><em><img loading=\"lazy\" decoding=\"async\" class=\"alignleft size-full wp-image-1769\" title=\"paro-subtes\" src=\"http:\/\/www.elsindical.com.ar\/notas\/var\/www\/html\/notas\/wp-content\/uploads\/2009\/11\/paro-subtes.jpg\" alt=\"paro-subtes\" width=\"255\" height=\"281\" \/>Los delegados gremiales de los trabajadores del subte reconocieron que no est\u00e1n conformes con la propuesta del Gobierno para solucionar el conflicto sindical con la UTA y decidir n este mi\u00e9rcoles en asamblea si vuelven a parar<\/em>.<\/p>\n<p style=\"text-align: justify;\">Mat\u00edas Cisneros, uno de los delegados, se mostr\u00f3 disconforme con la propuesta presentada por el ministro de Trabajo, Carlos Tomada, y dijo que los trabajadores decidir n en asamblea \u00ablos pasos a seguir\u00bb.<\/p>\n<p style=\"text-align: justify;\">El Gobierno pidi\u00f3 una tregua de diez d\u00edas a cambio de protecci\u00f3n gremial a trav\u00e9s de fueros ad-hoc y de comenzar a discutir la inscripci\u00f3n como sindicato.<\/p>\n<p style=\"text-align: justify;\">As\u00ed, Tomada intent\u00f3 evitar una nueva paralizaci\u00f3n del servicio por 48 horas, ya que una medida de esas caracter\u00edsticas afectar\u00eda a m s de un mill\u00f3n de personas y elevar\u00eda la crispaci\u00f3n social.<\/p>\n<p style=\"text-align: justify;\">Los empleados del subte se reunir n en asamblea este mi\u00e9rcoles y decidir n si concretar n o no el paro de dos d\u00edas con el que hab\u00edan amenazado antes de reunirse con el ministro de Trabajo.<\/p>\n<p style=\"text-align: justify;\">Los trabajadores tendr\u00edan posturas divididas ya que mientras los m s \u00abduros\u00bb pretenden volver a las medidas de fuerza para aumentar la presi\u00f3n, otros no quieren hacerlo por ahora para no elevar el desgaste.<\/p>\n<p style=\"text-align: justify;\">Los trabajadores, liderados por los gremialistas N\u00e9stor Segovia, Norberto Pianelli y Claudio Dellecarbonara, reclaman al Estado que los autorice a formalizar un sindicato independiente de la Uni\u00f3n Tranviarios Automotor (UTA).<\/p>\n<p style=\"text-align: justify;\">El pedido lleva m s de un a\u00f1o, numerosos paros de servicio y una escalada de tensi\u00f3n entre los trabajadores del subte y los dirigentes de la UTA, que tratan de evitar la divisi\u00f3n.<\/p>\n<p style=\"text-align: justify;\">En declaraciones radiales, Cisneros -delegado de la l\u00ednea C- se\u00f1al\u00f3 que \u00aben la reuni\u00f3n (con Tomada) no se pudo avanzar\u00bb para solucionar el conflicto.<\/p>\n<p style=\"text-align: justify;\">Seg\u00fan afirm\u00f3, el ofrecimiento que realiz\u00f3 el funcionario ya hab\u00eda sido propuesto por la empresa Metrov\u00edas, concesionaria del servicio de subtes.<\/p>\n<p style=\"text-align: justify;\">\u00abEl ofrecimiento ese ya lo hab\u00edamos escuchado desde Metrov\u00edas\u00bb, agreg\u00f3 Cisneros, sin dar precisiones sobre la propuesta que trascendi\u00f3 tras la reuni\u00f3n con Tomada.<\/p>\n<p style=\"text-align: justify;\">En ese sentido, advirti\u00f3: \u00abA partir de hoy empezaremos a analizar en asambleas cu les ser n los pasos a seguir, qu\u00e9 medidas tomaremos\u00bb.<\/p>\n<p style=\"text-align: justify;\">Los trabajadores duros del subte se volver n a reunir con el titular de Trabajo el pr\u00f3ximo mi\u00e9rcoles 25, d\u00eda en el que los \u00abrebeldes\u00bb esperan tener una respuesta concreta.<\/p>\n<p style=\"text-align: justify;\">La idea de Tomada es organizar un esquema de representaci\u00f3n y tutela para los 88 \u00abmetrodelegados\u00bb adem\u00e1s de negociar con la empresa para que los incluya en las negociaciones salariales.<\/p>\n<p style=\"text-align: justify;\">Adem\u00e1s, el funcionario impulsar\u00eda la discusi\u00f3n para quitarle a la UTA el 1 por ciento que cobra de retenci\u00f3n compulsiva de los salarios a los trabajadores del subte, denominada \u00abcuota solidaria\u00bb.<\/p>\n","protected":false},"excerpt":{"rendered":"<p>Los delegados gremiales de los trabajadores del subte reconocieron que no est\u00e1n conformes con la propuesta del Gobierno para solucionar el conflicto sindical con la UTA y decidir n este mi\u00e9rcoles en asamblea si vuelven a parar. Mat\u00edas Cisneros, uno de los delegados, se mostr\u00f3 disconforme con la propuesta presentada por el ministro de Trabajo,&hellip;<\/p>\n","protected":false},"author":1,"featured_media":0,"comment_status":"open","ping_status":"open","sticky":false,"template":"","format":"standard","meta":{"footnotes":""},"categories":[16],"tags":[910,184,55,67,348,877],"class_list":["post-1768","post","type-post","status-publish","format-standard","hentry","category-gremiales","tag-cgt","tag-cta","tag-delegados","tag-paro","tag-subterraneos","tag-uta"],"_links":{"self":[{"href":"https:\/\/www.elsindical.com.ar\/notas\/wp-json\/wp\/v2\/posts\/1768","targetHints":{"allow":["GET"]}}],"collection":[{"href":"https:\/\/www.elsindical.com.ar\/notas\/wp-json\/wp\/v2\/posts"}],"about":[{"href":"https:\/\/www.elsindical.com.ar\/notas\/wp-json\/wp\/v2\/types\/post"}],"author":[{"embeddable":true,"href":"https:\/\/www.elsindical.com.ar\/notas\/wp-json\/wp\/v2\/users\/1"}],"replies":[{"embeddable":true,"href":"https:\/\/www.elsindical.com.ar\/notas\/wp-json\/wp\/v2\/comments?post=1768"}],"version-history":[{"count":2,"href":"https:\/\/www.elsindical.com.ar\/notas\/wp-json\/wp\/v2\/posts\/1768\/revisions"}],"predecessor-version":[{"id":1771,"href":"https:\/\/www.elsindical.com.ar\/notas\/wp-json\/wp\/v2\/posts\/1768\/revisions\/1771"}],"wp:attachment":[{"href":"https:\/\/www.elsindical.com.ar\/notas\/wp-json\/wp\/v2\/media?parent=1768"}],"wp:term":[{"taxonomy":"category","embeddable":true,"href":"https:\/\/www.elsindical.com.ar\/notas\/wp-json\/wp\/v2\/categories?post=1768"},{"taxonomy":"post_tag","embeddable":true,"href":"https:\/\/www.elsindical.com.ar\/notas\/wp-json\/wp\/v2\/tags?post=1768"}],"curies":[{"name":"wp","href":"https:\/\/api.w.org\/{rel}","templated":true}]}}