{"id":17606,"date":"2011-10-11T00:45:42","date_gmt":"2011-10-11T03:45:42","guid":{"rendered":"http:\/\/www.elsindical.com.ar\/notas\/?p=17606"},"modified":"2011-10-11T00:45:42","modified_gmt":"2011-10-11T03:45:42","slug":"lomas-de-zamorahora-de-alegatos-en-juicio-por-crimen-de-un-artesano","status":"publish","type":"post","link":"https:\/\/www.elsindical.com.ar\/notas\/lomas-de-zamorahora-de-alegatos-en-juicio-por-crimen-de-un-artesano\/","title":{"rendered":"Lomas de Zamora:Hora de alegatos en juicio por crimen de un artesano"},"content":{"rendered":"<p style=\"text-align: justify;\"><em><a href=\"http:\/\/www.elsindical.com.ar\/notas\/var\/www\/html\/notas\/wp-content\/uploads\/2011\/10\/crimen-de-Daniel-Bonnassiol.jpg\"><img loading=\"lazy\" decoding=\"async\" class=\"alignleft size-medium wp-image-17607\" title=\"crimen-de-Daniel-Bonnassiol\" src=\"http:\/\/www.elsindical.com.ar\/notas\/var\/www\/html\/notas\/wp-content\/uploads\/2011\/10\/crimen-de-Daniel-Bonnassiol-300x225.jpg\" alt=\"\" width=\"300\" height=\"225\" srcset=\"https:\/\/www.elsindical.com.ar\/notas\/var\/www\/html\/notas\/wp-content\/uploads\/2011\/10\/crimen-de-Daniel-Bonnassiol-300x225.jpg 300w, https:\/\/www.elsindical.com.ar\/notas\/var\/www\/html\/notas\/wp-content\/uploads\/2011\/10\/crimen-de-Daniel-Bonnassiol.jpg 325w\" sizes=\"auto, (max-width: 300px) 100vw, 300px\" \/><\/a>Los alegatos del juicio a dos hombres acusados del crimen del artesano patag\u00f3nico Daniel Bonnassiolle, asesinado en 2009 cuando llegaba de visita a la casa de sus padres, en el partido bonaerense de Lan\u00fas, se llevar\u00e1n a cabo esta semana en los tribunales de Lomas de Zamora.<\/em><\/p>\n<p style=\"text-align: justify;\">Fuentes judiciales informaron que el debate se reanudar\u00e1 este mi\u00e9rcoles a las 9, en el edificio situado en Larroque y Camino Negro, de Banfield, en el sur del conurbano.<\/p>\n<p style=\"text-align: justify;\">El juicio se lleva adelante ante el Tribunal Oral en lo Criminal (TOC) 6 de Lomas de Zamora y tiene a Sebasti\u00e1n Avalos Lencina (29) y Luciano Kausines (33) imputados del delito de \u201chomicidio en ocasi\u00f3n de robo\u201d en perjuicio de Bonnassiolle (37).<\/p>\n<p style=\"text-align: justify;\">Seg\u00fan las fuentes, cuando se reanude el juicio, est\u00e1 previsto que primero declaren los tres \u00faltimos testigos y luego comiencen los alegatos con la exposici\u00f3n del fiscal Hugo Carri\u00f3n, seguido por las defensoras oficiales Marcela Pi\u00f1ero y Mar\u00eda Fernanda Mestr\u00edn.<\/p>\n<p style=\"text-align: justify;\">El hecho ventilado en el juicio ocurri\u00f3 el 13 de mayo de 2009, frente a una vivienda ubicada en las calles S\u00e1enz Pe\u00f1a y Pav\u00f3n, en la localidad de Remedios de Escalda, de Lan\u00fas, en el sur del conurbano, donde viven los padres de Bonnassiolle. La v\u00edctima resid\u00eda en la ciudad santacruce\u00f1a de El Calafate donde era due\u00f1a de un comercio de artesan\u00edas, y ese d\u00eda hab\u00eda ido a visitar a su familia.<\/p>\n<p style=\"text-align: justify;\">Seg\u00fan las fuentes, Bonnassiolle lleg\u00f3 a lo de sus padres junto a su amigo Arias a bordo de una camioneta Nissan, patente HDP 866, que estacionaron frente a la casa ya que no hab\u00eda lugar para guardar el veh\u00edculo en el garaje. En ese momento, tres delincuentes arribaron al lugar en un Fiat Uno, y uno de ellos descendi\u00f3 del auto armado y amenaz\u00f3 a la v\u00edctima y a su amigo con fines de robo.<\/p>\n<p style=\"text-align: justify;\">De acuerdo a los investigadores policiales, Bonnassiolle se puso nervioso al pensar que los ladrones quer\u00edan entrar a la casa de sus padres y grit\u00f3 algunas palabras, momento en que el delincuente armado le efectu\u00f3 tres disparos.<\/p>\n<p style=\"text-align: justify;\">La v\u00edctima recibi\u00f3 un impacto de bala en la zona tor\u00e1cica que lo penetr\u00f3 a la altura de la clav\u00edcula y le provoc\u00f3 la muerte casi en el acto. Los sospechosos fueron detenidos ese mismo d\u00eda.\u00a0<\/p>\n","protected":false},"excerpt":{"rendered":"<p>Los alegatos del juicio a dos hombres acusados del crimen del artesano patag\u00f3nico Daniel Bonnassiolle, asesinado en 2009 cuando llegaba de visita a la casa de sus padres, en el partido bonaerense de Lan\u00fas, se llevar\u00e1n a cabo esta semana en los tribunales de Lomas de Zamora. Fuentes judiciales informaron que el debate se reanudar\u00e1&hellip;<\/p>\n","protected":false},"author":1,"featured_media":0,"comment_status":"open","ping_status":"open","sticky":false,"template":"","format":"standard","meta":{"footnotes":""},"categories":[20],"tags":[8617,363,8618,5002,209,744,116,4744],"class_list":["post-17606","post","type-post","status-publish","format-standard","hentry","category-judiciales","tag-alegatos","tag-asesinato","tag-daniel-bonnassiolle","tag-el-calafate","tag-lanus","tag-lomas-de-zamora","tag-robo","tag-toc-6"],"_links":{"self":[{"href":"https:\/\/www.elsindical.com.ar\/notas\/wp-json\/wp\/v2\/posts\/17606","targetHints":{"allow":["GET"]}}],"collection":[{"href":"https:\/\/www.elsindical.com.ar\/notas\/wp-json\/wp\/v2\/posts"}],"about":[{"href":"https:\/\/www.elsindical.com.ar\/notas\/wp-json\/wp\/v2\/types\/post"}],"author":[{"embeddable":true,"href":"https:\/\/www.elsindical.com.ar\/notas\/wp-json\/wp\/v2\/users\/1"}],"replies":[{"embeddable":true,"href":"https:\/\/www.elsindical.com.ar\/notas\/wp-json\/wp\/v2\/comments?post=17606"}],"version-history":[{"count":2,"href":"https:\/\/www.elsindical.com.ar\/notas\/wp-json\/wp\/v2\/posts\/17606\/revisions"}],"predecessor-version":[{"id":17609,"href":"https:\/\/www.elsindical.com.ar\/notas\/wp-json\/wp\/v2\/posts\/17606\/revisions\/17609"}],"wp:attachment":[{"href":"https:\/\/www.elsindical.com.ar\/notas\/wp-json\/wp\/v2\/media?parent=17606"}],"wp:term":[{"taxonomy":"category","embeddable":true,"href":"https:\/\/www.elsindical.com.ar\/notas\/wp-json\/wp\/v2\/categories?post=17606"},{"taxonomy":"post_tag","embeddable":true,"href":"https:\/\/www.elsindical.com.ar\/notas\/wp-json\/wp\/v2\/tags?post=17606"}],"curies":[{"name":"wp","href":"https:\/\/api.w.org\/{rel}","templated":true}]}}