{"id":17600,"date":"2011-10-11T00:32:07","date_gmt":"2011-10-11T03:32:07","guid":{"rendered":"http:\/\/www.elsindical.com.ar\/notas\/?p=17600"},"modified":"2011-10-11T00:32:07","modified_gmt":"2011-10-11T03:32:07","slug":"el-juez-federal-carlos-rozanski-denuncio-penalmente-aprietes-y-amenazas-que-apuntan-al-sindicalista-julio-piumato","status":"publish","type":"post","link":"https:\/\/www.elsindical.com.ar\/notas\/el-juez-federal-carlos-rozanski-denuncio-penalmente-aprietes-y-amenazas-que-apuntan-al-sindicalista-julio-piumato\/","title":{"rendered":"El Juez federal Carlos Rozanski denunci\u00f3 penalmente aprietes y amenazas que apuntan al sindicalista Julio Piumato"},"content":{"rendered":"<p style=\"text-align: justify;\">\u00a0 <a href=\"http:\/\/www.elsindical.com.ar\/notas\/var\/www\/html\/notas\/wp-content\/uploads\/2011\/10\/escrache-de-Piumato-a-Rozan.jpg\"><img loading=\"lazy\" decoding=\"async\" class=\"alignleft size-medium wp-image-17601\" title=\"escrache-de-Piumato-a-Rozan\" src=\"http:\/\/www.elsindical.com.ar\/notas\/var\/www\/html\/notas\/wp-content\/uploads\/2011\/10\/escrache-de-Piumato-a-Rozan-300x225.jpg\" alt=\"\" width=\"300\" height=\"225\" srcset=\"https:\/\/www.elsindical.com.ar\/notas\/var\/www\/html\/notas\/wp-content\/uploads\/2011\/10\/escrache-de-Piumato-a-Rozan-300x225.jpg 300w, https:\/\/www.elsindical.com.ar\/notas\/var\/www\/html\/notas\/wp-content\/uploads\/2011\/10\/escrache-de-Piumato-a-Rozan.jpg 413w\" sizes=\"auto, (max-width: 300px) 100vw, 300px\" \/><\/a><em>La pelea judicial, sindical y medi\u00e1tica que mantienen el Juez Federal de La Plata, Carlos Rozanski y el secretario general de la UEJN, Julio Piumato, tiene ahora un nuevo cap\u00edtulo, ya que se conoci\u00f3 una denuncia penal presentada por el Juez federal denunciando \u00abaprietes\u00bb, amenazas y presiones sindicales para que se aparte de su cargo, las mismas apuntan directamente al sindicalista aliado de Hugo Moyano y secretario de DDHH de la CGT.<\/em><\/p>\n<p style=\"text-align: justify;\">El Juez federal de La Plata, Carlos Rozanski, denunci\u00f3 haber recibido amenazas e intimidaciones en los \u00faltimos meses. Una comisi\u00f3n especial de Naciones Unidas envi\u00f3 una carta al gobierno de Cristina Kirchner manifestando \u201csu grave preocupaci\u00f3n por las seguridad, la integridad f\u00edsica y psicol\u00f3gica\u201d del magistrado que lleva adelante juicios por delitos de lesa humanidad.<\/p>\n<p style=\"text-align: justify;\">La denuncia qued\u00f3 radicada en el Juzgado Criminal Federal N\u00ba 2, \u00a0a cargo del subrogante Marcelo Mart\u00ednez De Giorgi. El escrito de siete carillas, presentado por el abogado querellante Juan Pablo Gallego, reproduce\u00a0 una serie de intimidaciones y ataques an\u00f3nimos contra Rozanski.<\/p>\n<p style=\"text-align: justify;\">El expediente\u00a0 a\u00fan no tiene ning\u00fan imputado formal,\u00a0pero el\u00a0\u00a0Juez federal de La Plata apunta en sus relatos al moyanista, Julio Piumato, como uno de los principales fogoneros. El pasado viernes declararon tres empleados de los tribunales platenses y brindaron detalles de las presiones que padece el magistrado.<\/p>\n<p style=\"text-align: justify;\">En mayo pasado, el titular de la Uni\u00f3n de Empleados de la Justicia de la Naci\u00f3n (UEJN) solicit\u00f3 al Consejo de la Magistratura la Naci\u00f3n la \u201csuspensi\u00f3n precautoria\u201d del juez federal por \u201cmaltrato\u201d y \u201cviolencia laboral\u201d contra los empleados de su tribunal.<\/p>\n<p style=\"text-align: justify;\">Desde entonces, los cruces crecieron. Seg\u00fan consta en la denuncia, el pasado 26 de agosto un grupo de personas vinculadas al gremio de judiciales arrojaron panfletos que dec\u00edan: \u201cBasta de Impunidad. Fuera Dr. Rozanski\u201d.<\/p>\n<p style=\"text-align: justify;\">A la investigaci\u00f3n tambi\u00e9n se suman otros dos episodios relatados en la denuncia original. \u201cHubo tres llamados an\u00f3nimos con presuntos mensajes intimidatorios y un mu\u00f1eco con una calavera y una peluca que ser\u00eda similar al color del cabello del denunciante\u201d en la ventana de una de las sede del tribunal.<\/p>\n<p style=\"text-align: justify;\">Pero no fue el \u00fanico episodio. Rozanski relat\u00f3 haber recibido las presiones directamente. \u201cPiumato, est\u00e1 vez personalmente, y junto a uno de sus matones, volvi\u00f3 a presionarme respecto de los juicios. El argumento b\u00e1sico fue el que luego se volc\u00f3 en los afiches y volantes que hasta hoy distribuye el nombrado, y es que deb\u00eda darle prioridad a las causas comunes y no a las de lesa humanidad\u201d, relat\u00f3 en el escrito presentado en los tribunales de Comodoro Py.<\/p>\n<p style=\"text-align: justify;\">Los cuestionamientos del aliado moyanista tambi\u00e9n cayeron como un baldazo de agua fr\u00eda en algunos de los organismos de derechos humanos. Madres de Plaza de Mayo L\u00ednea Fundadora sali\u00f3 a respaldar a Rozanski. Lo mismo hizo el Premio Nobel de la Paz Adolfo P\u00e9rez Esquivel.<\/p>\n<p style=\"text-align: justify;\">El enfrentamiento atraves\u00f3 las fronteras del pa\u00eds. Una carta enviada por el Alto Comisionado para los Derechos Humanos de las Naciones Unidas alerta al gobierno de Cristina Fern\u00e1ndez de Kirchner sobre la espiral de violencia contra el magistrado. \u201cSe expresa grave preocupaci\u00f3n por la seguridad y la integridad f\u00edsica y psicol\u00f3gica del Juez Rozanski\u201d, afirma el documento. La misiva tambi\u00e9n manifiesta su inquietud porque \u201clas intimidaciones pudieran estar vinculadas a la lucha contra la impunidad por cr\u00edmenes de lesa humanidad ocurridos durante la \u00faltima dictadura militar\u201d.<\/p>\n<p style=\"text-align: justify;\">El Tribunal Oral Federal N\u00ba 1 de La Plata, a cargo de Rozanski, conden\u00f3 a reclusi\u00f3n perpetua a los represores Miguel Etchecolatz y Jorge Berg\u00e9s. Y, luego, al ex capell\u00e1n del Ej\u00e9rcito Christian von Wernich.<\/p>\n<p style=\"text-align: justify;\">Para el magistrado las intimidaciones son \u201cuna presunta maniobra para desestabilizar o estorbar su actuaci\u00f3n como presidente del Tribunal Oral N\u00ba 1 de La Plata en los juicios de lesa humanidad\u201d.<\/p>\n<p style=\"text-align: justify;\">Distintos medios han intentado obtener una entrevista con el sindicalista Julio Piumato sin que hayan tenido \u00e9xito.<\/p>\n","protected":false},"excerpt":{"rendered":"<p>\u00a0 La pelea judicial, sindical y medi\u00e1tica que mantienen el Juez Federal de La Plata, Carlos Rozanski y el secretario general de la UEJN, Julio Piumato, tiene ahora un nuevo cap\u00edtulo, ya que se conoci\u00f3 una denuncia penal presentada por el Juez federal denunciando \u00abaprietes\u00bb, amenazas y presiones sindicales para que se aparte de su&hellip;<\/p>\n","protected":false},"author":1,"featured_media":0,"comment_status":"open","ping_status":"open","sticky":false,"template":"","format":"standard","meta":{"footnotes":""},"categories":[6],"tags":[331,175,8201,3495,239,2114,1382,807,1147],"class_list":["post-17600","post","type-post","status-publish","format-standard","hentry","category-denuncias","tag-amenazas","tag-denuncia","tag-juez-federal-carlos-rozanski","tag-julio-piumato","tag-la-plata","tag-presiones","tag-secretario-general","tag-tof","tag-uejn"],"_links":{"self":[{"href":"https:\/\/www.elsindical.com.ar\/notas\/wp-json\/wp\/v2\/posts\/17600","targetHints":{"allow":["GET"]}}],"collection":[{"href":"https:\/\/www.elsindical.com.ar\/notas\/wp-json\/wp\/v2\/posts"}],"about":[{"href":"https:\/\/www.elsindical.com.ar\/notas\/wp-json\/wp\/v2\/types\/post"}],"author":[{"embeddable":true,"href":"https:\/\/www.elsindical.com.ar\/notas\/wp-json\/wp\/v2\/users\/1"}],"replies":[{"embeddable":true,"href":"https:\/\/www.elsindical.com.ar\/notas\/wp-json\/wp\/v2\/comments?post=17600"}],"version-history":[{"count":2,"href":"https:\/\/www.elsindical.com.ar\/notas\/wp-json\/wp\/v2\/posts\/17600\/revisions"}],"predecessor-version":[{"id":17603,"href":"https:\/\/www.elsindical.com.ar\/notas\/wp-json\/wp\/v2\/posts\/17600\/revisions\/17603"}],"wp:attachment":[{"href":"https:\/\/www.elsindical.com.ar\/notas\/wp-json\/wp\/v2\/media?parent=17600"}],"wp:term":[{"taxonomy":"category","embeddable":true,"href":"https:\/\/www.elsindical.com.ar\/notas\/wp-json\/wp\/v2\/categories?post=17600"},{"taxonomy":"post_tag","embeddable":true,"href":"https:\/\/www.elsindical.com.ar\/notas\/wp-json\/wp\/v2\/tags?post=17600"}],"curies":[{"name":"wp","href":"https:\/\/api.w.org\/{rel}","templated":true}]}}