{"id":17596,"date":"2011-10-11T00:15:52","date_gmt":"2011-10-11T03:15:52","guid":{"rendered":"http:\/\/www.elsindical.com.ar\/notas\/?p=17596"},"modified":"2011-10-11T00:15:52","modified_gmt":"2011-10-11T03:15:52","slug":"efemeridesdel-dia-11-de-octubre-2","status":"publish","type":"post","link":"https:\/\/www.elsindical.com.ar\/notas\/efemeridesdel-dia-11-de-octubre-2\/","title":{"rendered":"EFEM\u00c9RIDES:DEL D\u00cdA 11 DE OCTUBRE"},"content":{"rendered":"<p style=\"text-align: justify;\"><a href=\"http:\/\/www.elsindical.com.ar\/notas\/var\/www\/html\/notas\/wp-content\/uploads\/2011\/10\/Concilio-Vaticano-II-b.jpg\"><img loading=\"lazy\" decoding=\"async\" class=\"alignleft size-medium wp-image-17597\" title=\"Concilio-Vaticano-II-b\" src=\"http:\/\/www.elsindical.com.ar\/notas\/var\/www\/html\/notas\/wp-content\/uploads\/2011\/10\/Concilio-Vaticano-II-b-275x300.jpg\" alt=\"\" width=\"275\" height=\"300\" srcset=\"https:\/\/www.elsindical.com.ar\/notas\/var\/www\/html\/notas\/wp-content\/uploads\/2011\/10\/Concilio-Vaticano-II-b-275x300.jpg 275w, https:\/\/www.elsindical.com.ar\/notas\/var\/www\/html\/notas\/wp-content\/uploads\/2011\/10\/Concilio-Vaticano-II-b.jpg 295w\" sizes=\"auto, (max-width: 275px) 100vw, 275px\" \/><\/a>El 11 de octubre de 1962 el papa Juan XXIII inaugura el Concilio Vaticano II, que moderniz\u00f3 el esp\u00edritu y las estructuras de la Iglesia Cat\u00f3lica.<\/p>\n<p style=\"text-align: justify;\">1469- Entrevista en Due\u00f1as (Valladolid) de Fernando V de Arag\u00f3n con Isabel I de Castilla, que determin\u00f3 el matrimonio de ambos, los futuros Reyes Cat\u00f3licos.<\/p>\n<p style=\"text-align: justify;\">1531- Muere Ulrico Zuinglio, reformador protestante suizo.<\/p>\n<p style=\"text-align: justify;\">1698- Francia, Inglaterra y Holanda firman en La Haya un tratado para repartirse los territorios de la Corona de Espa\u00f1a, a la muerte sin descendencia de Carlos II el Hechizado.<\/p>\n<p style=\"text-align: justify;\">1737- Un terremoto devasta Calcuta y causa 300.000 v\u00edctimas.<\/p>\n<p style=\"text-align: justify;\">1745- El sabio y cl\u00e9rigo alem\u00e1n Ewald Jurgen von Kleist presenta el experimento el\u00e9ctrico que se hizo famoso con el nombre de \u00abbotella de Leyden\u00bb, considerado como el primer condensador.<\/p>\n<p style=\"text-align: justify;\">1755- Nace Fausto de Elhuyar, descubridor del volframio y promotor de los estudios mineros en Espa\u00f1a.<\/p>\n<p style=\"text-align: justify;\">1833- Estalla en Buenos Aires la revuelta llamada de \u00ablos restauradores\u00bb, dirigida por los federales contra el Gobierno de Juan Ram\u00f3n Balcarce.<\/p>\n<p style=\"text-align: justify;\">1838- Una escuadra francesa conquista la isla de Mart\u00edn Garc\u00eda, en R\u00edo de la Plata.<\/p>\n<p style=\"text-align: justify;\">1866- Nace Carlos Arniches, escritor costumbrista espa\u00f1ol.<\/p>\n<p style=\"text-align: justify;\">1876- Sublevaci\u00f3n del general Porfirio D\u00edaz contra el presidente mexicano, Sebasti\u00e1n Lerdo de Tejada, al que sucedi\u00f3.<\/p>\n<p style=\"text-align: justify;\">1880- Tratado de paz entre Colombia y Chile.<\/p>\n<p style=\"text-align: justify;\">1938- El presidente de EEUU Franklin D. Roosevelt anuncia la intensificaci\u00f3n del rearme estadounidense ante el desarrollo de la crisis europea.<\/p>\n<p style=\"text-align: justify;\">1956- Nace Nicanor Duarte Frutos, presidente de Paraguay.<\/p>\n<p style=\"text-align: justify;\">1963- Muere Jean Cocteau, escritor franc\u00e9s.<\/p>\n<p style=\"text-align: justify;\">&#8211; Muere Edith Piaf, cantante francesa.<\/p>\n<p style=\"text-align: justify;\">1967- Inundaciones en Buenos Aires causan la muerte de 50 personas y obligan a evacuar a 190.000.<\/p>\n<p style=\"text-align: justify;\">1968- Un golpe de Estado de la Guardia Nacional derroca al presidente de Panam\u00e1, Arnulfo Arias, y se forma una Junta presidida por Omar Torrijos.<\/p>\n<p style=\"text-align: justify;\">1984- Nicol\u00e1s Ardito Barletta toma posesi\u00f3n como nuevo presidente de Panam\u00e1.<\/p>\n<p style=\"text-align: justify;\">1991- Fidel Castro anuncia un Estado laico y de econom\u00eda mixta y culpa a la URSS de la crisis econ\u00f3mica cubana, en el IV Congreso del PCC, en el que es reelegido l\u00edder del partido.<\/p>\n<p style=\"text-align: justify;\">1992- Los reyes de Espa\u00f1a presiden en Sevilla la conmemoraci\u00f3n del V Centenario del Descubrimiento de Am\u00e9rica.<\/p>\n<p style=\"text-align: justify;\">1993- El Consejo Central de la OLP ratifica el acuerdo de paz con Israel y elige a Yaser Arafat m\u00e1xima autoridad palestina.<\/p>\n<p style=\"text-align: justify;\">1996- Otorgan el Premio Nobel de la Paz al obispo cat\u00f3lico Carlos Filipe Ximenes Belo y al abogado Jos\u00e9 Ramos Horta por su labor para alcanzar una soluci\u00f3n pac\u00edfica en Timor Oriental.<\/p>\n<p style=\"text-align: justify;\">1999- El cient\u00edfico alem\u00e1n Gunter Blobel es galardonado con el Nobel de Medicina.<\/p>\n<p style=\"text-align: justify;\">2000- Los estadounidenses James Heckman y Daniel McFadden obtienen el Nobel de Econom\u00eda.<\/p>\n<p style=\"text-align: justify;\">2001- El escritor V.S. Naipaul, natural de Trinidad y Tobago, gana el Premio Nobel de Literatura.<\/p>\n<p style=\"text-align: justify;\">2002- El ex presidente de EEUU Jimmy Carter recibe el Premio Nobel de la Paz.<\/p>\n<p style=\"text-align: justify;\">2007- La Academia Sueca concede el Nobel de Literatura a la brit\u00e1nica Doris Lessing.<\/p>\n<p style=\"text-align: justify;\">&#8211; Unos 250 muertos en combates en Wazirist\u00e1n (Pakist\u00e1n), donde tribus de radicales isl\u00e1micas pastunes retienen a 300 soldados.<\/p>\n<p style=\"text-align: justify;\">2008- El comit\u00e9 legislativo que investiga a la gobernadora de Alaska, Sarah Palin, determina que la candidata republicana a la vicepresidencia de EEUU abus\u00f3 de su poder para despedir a un inspector de polic\u00eda.<\/p>\n<p style=\"text-align: justify;\">&#8211; El presidente de Per\u00fa, Al\u00e1n Garc\u00eda, acepta la dimisi\u00f3n del Consejo de Ministros, tras una crisis desatada por varios casos de corrupci\u00f3n.<\/p>\n","protected":false},"excerpt":{"rendered":"<p>El 11 de octubre de 1962 el papa Juan XXIII inaugura el Concilio Vaticano II, que moderniz\u00f3 el esp\u00edritu y las estructuras de la Iglesia Cat\u00f3lica. 1469- Entrevista en Due\u00f1as (Valladolid) de Fernando V de Arag\u00f3n con Isabel I de Castilla, que determin\u00f3 el matrimonio de ambos, los futuros Reyes Cat\u00f3licos. 1531- Muere Ulrico Zuinglio,&hellip;<\/p>\n","protected":false},"author":1,"featured_media":0,"comment_status":"open","ping_status":"open","sticky":false,"template":"","format":"standard","meta":{"footnotes":""},"categories":[14],"tags":[],"class_list":["post-17596","post","type-post","status-publish","format-standard","hentry","category-efemerides"],"_links":{"self":[{"href":"https:\/\/www.elsindical.com.ar\/notas\/wp-json\/wp\/v2\/posts\/17596","targetHints":{"allow":["GET"]}}],"collection":[{"href":"https:\/\/www.elsindical.com.ar\/notas\/wp-json\/wp\/v2\/posts"}],"about":[{"href":"https:\/\/www.elsindical.com.ar\/notas\/wp-json\/wp\/v2\/types\/post"}],"author":[{"embeddable":true,"href":"https:\/\/www.elsindical.com.ar\/notas\/wp-json\/wp\/v2\/users\/1"}],"replies":[{"embeddable":true,"href":"https:\/\/www.elsindical.com.ar\/notas\/wp-json\/wp\/v2\/comments?post=17596"}],"version-history":[{"count":2,"href":"https:\/\/www.elsindical.com.ar\/notas\/wp-json\/wp\/v2\/posts\/17596\/revisions"}],"predecessor-version":[{"id":17599,"href":"https:\/\/www.elsindical.com.ar\/notas\/wp-json\/wp\/v2\/posts\/17596\/revisions\/17599"}],"wp:attachment":[{"href":"https:\/\/www.elsindical.com.ar\/notas\/wp-json\/wp\/v2\/media?parent=17596"}],"wp:term":[{"taxonomy":"category","embeddable":true,"href":"https:\/\/www.elsindical.com.ar\/notas\/wp-json\/wp\/v2\/categories?post=17596"},{"taxonomy":"post_tag","embeddable":true,"href":"https:\/\/www.elsindical.com.ar\/notas\/wp-json\/wp\/v2\/tags?post=17596"}],"curies":[{"name":"wp","href":"https:\/\/api.w.org\/{rel}","templated":true}]}}