{"id":17500,"date":"2011-10-06T12:02:57","date_gmt":"2011-10-06T15:02:57","guid":{"rendered":"http:\/\/www.elsindical.com.ar\/notas\/?p=17500"},"modified":"2011-10-06T12:02:57","modified_gmt":"2011-10-06T15:02:57","slug":"chileimportantes-disturbios-entre-carabineros-y-estudiantes","status":"publish","type":"post","link":"https:\/\/www.elsindical.com.ar\/notas\/chileimportantes-disturbios-entre-carabineros-y-estudiantes\/","title":{"rendered":"Chile:Importantes disturbios entre carabineros y estudiantes"},"content":{"rendered":"<p style=\"text-align: justify;\"><em><a href=\"http:\/\/www.elsindical.com.ar\/notas\/var\/www\/html\/notas\/wp-content\/uploads\/2011\/10\/incidentes-estudiantes-cara.jpg\"><img loading=\"lazy\" decoding=\"async\" class=\"alignleft size-medium wp-image-17501\" title=\"incidentes-estudiantes-cara\" src=\"http:\/\/www.elsindical.com.ar\/notas\/var\/www\/html\/notas\/wp-content\/uploads\/2011\/10\/incidentes-estudiantes-cara-300x224.jpg\" alt=\"\" width=\"300\" height=\"224\" srcset=\"https:\/\/www.elsindical.com.ar\/notas\/var\/www\/html\/notas\/wp-content\/uploads\/2011\/10\/incidentes-estudiantes-cara-300x224.jpg 300w, https:\/\/www.elsindical.com.ar\/notas\/var\/www\/html\/notas\/wp-content\/uploads\/2011\/10\/incidentes-estudiantes-cara.jpg 325w\" sizes=\"auto, (max-width: 300px) 100vw, 300px\" \/><\/a>El recorrido de la movilizaci\u00f3n no fue autorizado. <strong>Carabineros<\/strong> sigue de cerca las columnas de alumnos que exigen <strong>educaci\u00f3n gratuita<\/strong>. La crisis educativa lleva casi cinco meses.<\/em><\/p>\n<p style=\"text-align: justify;\">Los estudiantes chilenos, escolares y universitarios, negociaron durante m\u00e1s de cinco horas con las autoridades de la Intendencia Metropolitana de Santiago de Chile el recorrido para la movilizaci\u00f3n convocada por l confederaci\u00f3n de Estudiantes de Chile (Confech) para este jueves 6 de octubre. Sin embargo, tantas horas no alcanzaron para ponerse de acuerdo y la marcha, prevista para las 10 -hora local-, se concretar\u00e1 sin autorizaci\u00f3n gubernamental. <strong>En Chile, esta situaci\u00f3n s\u00f3lo quiere decir una cosa: que habr\u00e1 enfrentamientos con Carabineros.<\/strong>\u00a0<\/p>\n<p style=\"text-align: justify;\">El jefe de Seguridad P\u00fablica de la Intendencia, Gonzalo D\u00edaz del R\u00edo, afirm\u00f3 que <strong>el car\u00e1cter irregular de la movilizaci\u00f3n es responsabilidad de los estudiantes<\/strong>. \u00abNosotros hemos demostrado la misma voluntad de di\u00e1logo, para compatibilizar el derecho a manifestarse de los estudiantes, con el derecho a transitar libremente y a vivir en paz, que tambi\u00e9n tienen el 1,2 millones de personas que cada d\u00eda realizan sus actividades en el centro de Santiago\u00bb, afirm\u00f3 seg\u00fan difundi\u00f3 <em>La Tercera<\/em>.\u00a0<\/p>\n<p style=\"text-align: justify;\">Los <strong>estudiantes chilenos resolvieron este mi\u00e9rcoles 5 de octubre retirarse de la negociaci\u00f3n abierta con el Gobierno de Sebasti\u00e1n Pi\u00f1era<\/strong>. \u00abNosotros creemos que\u00a0<strong>bajo estas condiciones es imposible darle continuidad a esta mesa de trabajo<\/strong>\u00ab, explic\u00f3 <strong><a href=\"http:\/\/america.infobae.com\/notas\/35056-Camila-Vallejo-la-militante-comunista-que-mantiene-en-jaque-a-Sebastian-Pinera-en-Chile\">Camila Vallejo, una de las dirigentes m\u00e1s visibles del movimiento estudiantil<\/a><\/strong>, al final de una reuni\u00f3n de casi cuatro horas con el ministro de Educaci\u00f3n, Felipe Bulnes. Es que en simult\u00e1neo al anuncio de una ronda de negociaciones, el Gobierno anunci\u00f3 que impulsar\u00e1 una reforma del C\u00f3digo Penal que condenar\u00e1 <a href=\"http:\/\/america.infobae.com\/notas\/34841-Carcel-para-chilenos-que-ocupen-colegios\" target=\"_blank\">con c\u00e1rcel la ocupaci\u00f3n<\/a> de establecimientos p\u00fablicos y privados (colegios, universidades, etc.).\u00a0<\/p>\n<p style=\"text-align: justify;\"><strong>A mitad del encuentro con el ministro de Educaci\u00f3n, dirigentes de dos agrupaciones de estudiantes secundarios se retiraron de la reuni\u00f3n, y m\u00e1s tarde se sumaron tambi\u00e9n los representantes del Colegio de Profesores.<\/strong>\u00a0<\/p>\n<p style=\"text-align: justify;\">Los estudiantes aspiran a la creaci\u00f3n de un sistema p\u00fablico que garantice\u00a0<strong>educaci\u00f3n gratuita y de calidad<\/strong>\u00a0para todos y plantearon en la mesa un\u00a0<strong>aumento en el pago por las regal\u00edas mineras<\/strong>, un\u00a0<strong>incremento general de impuestos<\/strong>\u00a0y la\u00a0<strong>disminuci\u00f3n de los gastos de las Fuerzas Armadas<\/strong>\u00a0para recaudar mayores recursos a la educaci\u00f3n.\u00a0<\/p>\n<p style=\"text-align: justify;\">El presupuesto actual de educaci\u00f3n supera los\u00a0<strong>11.000 millones de d\u00f3lares<\/strong>, el m\u00e1s grueso entre todas las partidas. Para el pr\u00f3ximo a\u00f1o, est\u00e1 previsto un\u00a0<strong>incremento de 7,6%<\/strong>, considerado\u00a0<strong>\u00abinsuficiente\u00bb por los estudiantes<\/strong>.\u00a0<\/p>\n<p style=\"text-align: justify;\">Las\u00a0<strong>protestas estudiantiles comenzaron a inicios de mayo en reclamo por los altos costos de la educaci\u00f3n en Chile<\/strong>, que cuenta con uno de los sistemas educativos m\u00e1s privatizados del mundo, tras las reformas aplicadas por la dictadura de Augusto Pinochet.\u00a0<\/p>\n<p style=\"text-align: justify;\"><strong>S\u00f3lo el 40% de los escolares chilenos recibe educaci\u00f3n en colegios p\u00fablicos gratuitos<\/strong>, mientras que a nivel universitario no hay posibilidades de estudiar gratis. Para acceder a las universidades, los estudiantes deben solicitar cr\u00e9ditos internos o en bancos privados. A nivel secundario, m\u00e1s de la mitad de la matr\u00edcula est\u00e1 en manos de colegios que reciben subvenci\u00f3n estatal y el aporte de los padres.<\/p>\n","protected":false},"excerpt":{"rendered":"<p>El recorrido de la movilizaci\u00f3n no fue autorizado. Carabineros sigue de cerca las columnas de alumnos que exigen educaci\u00f3n gratuita. La crisis educativa lleva casi cinco meses. Los estudiantes chilenos, escolares y universitarios, negociaron durante m\u00e1s de cinco horas con las autoridades de la Intendencia Metropolitana de Santiago de Chile el recorrido para la movilizaci\u00f3n&hellip;<\/p>\n","protected":false},"author":1,"featured_media":0,"comment_status":"open","ping_status":"open","sticky":false,"template":"","format":"standard","meta":{"footnotes":""},"categories":[18],"tags":[4566,1200,3938,497,8578,102,8579,489],"class_list":["post-17500","post","type-post","status-publish","format-standard","hentry","category-internacionales","tag-carabineros","tag-chile","tag-disturbios","tag-docentes","tag-educacion-gratuita","tag-estudiantes","tag-financiacion","tag-padres"],"_links":{"self":[{"href":"https:\/\/www.elsindical.com.ar\/notas\/wp-json\/wp\/v2\/posts\/17500","targetHints":{"allow":["GET"]}}],"collection":[{"href":"https:\/\/www.elsindical.com.ar\/notas\/wp-json\/wp\/v2\/posts"}],"about":[{"href":"https:\/\/www.elsindical.com.ar\/notas\/wp-json\/wp\/v2\/types\/post"}],"author":[{"embeddable":true,"href":"https:\/\/www.elsindical.com.ar\/notas\/wp-json\/wp\/v2\/users\/1"}],"replies":[{"embeddable":true,"href":"https:\/\/www.elsindical.com.ar\/notas\/wp-json\/wp\/v2\/comments?post=17500"}],"version-history":[{"count":2,"href":"https:\/\/www.elsindical.com.ar\/notas\/wp-json\/wp\/v2\/posts\/17500\/revisions"}],"predecessor-version":[{"id":17503,"href":"https:\/\/www.elsindical.com.ar\/notas\/wp-json\/wp\/v2\/posts\/17500\/revisions\/17503"}],"wp:attachment":[{"href":"https:\/\/www.elsindical.com.ar\/notas\/wp-json\/wp\/v2\/media?parent=17500"}],"wp:term":[{"taxonomy":"category","embeddable":true,"href":"https:\/\/www.elsindical.com.ar\/notas\/wp-json\/wp\/v2\/categories?post=17500"},{"taxonomy":"post_tag","embeddable":true,"href":"https:\/\/www.elsindical.com.ar\/notas\/wp-json\/wp\/v2\/tags?post=17500"}],"curies":[{"name":"wp","href":"https:\/\/api.w.org\/{rel}","templated":true}]}}