{"id":17482,"date":"2011-10-05T20:48:45","date_gmt":"2011-10-05T23:48:45","guid":{"rendered":"http:\/\/www.elsindical.com.ar\/notas\/?p=17482"},"modified":"2011-10-05T20:48:45","modified_gmt":"2011-10-05T23:48:45","slug":"balean-en-confuso-episodio-a-un-auditor-general-de-la-nacion","status":"publish","type":"post","link":"https:\/\/www.elsindical.com.ar\/notas\/balean-en-confuso-episodio-a-un-auditor-general-de-la-nacion\/","title":{"rendered":"Balean en confuso episodio a un Auditor General de la Naci\u00f3n"},"content":{"rendered":"<p style=\"text-align: justify;\">\u00a0<em><a href=\"http:\/\/www.elsindical.com.ar\/notas\/var\/www\/html\/notas\/wp-content\/uploads\/2011\/10\/Dr.-Francisco-J.-Fern\u00e1ndez.jpg\"><img loading=\"lazy\" decoding=\"async\" class=\"alignleft size-full wp-image-17483\" title=\"Dr.-Francisco-J.-Fern\u00e1ndez\" src=\"http:\/\/www.elsindical.com.ar\/notas\/var\/www\/html\/notas\/wp-content\/uploads\/2011\/10\/Dr.-Francisco-J.-Fern\u00e1ndez.jpg\" alt=\"\" width=\"207\" height=\"207\" srcset=\"https:\/\/www.elsindical.com.ar\/notas\/var\/www\/html\/notas\/wp-content\/uploads\/2011\/10\/Dr.-Francisco-J.-Fern\u00e1ndez.jpg 207w, https:\/\/www.elsindical.com.ar\/notas\/var\/www\/html\/notas\/wp-content\/uploads\/2011\/10\/Dr.-Francisco-J.-Fern\u00e1ndez-150x150.jpg 150w\" sizes=\"auto, (max-width: 207px) 100vw, 207px\" \/><\/a>Esta tarde desconocidos balearon al Auditor General de la Naci\u00f3n el Dr. Francisco Javier Fern\u00e1ndez, en momentos que circulaba con su veh\u00edculo C4 por el barrio de Colegiales, recibiendo al menos tres disparos.<\/em><\/p>\n<p style=\"text-align: justify;\">El funcionario es uno de los m\u00e1s cuestionados operadores pol\u00edticos en el ambiente judicial, al punto de que su accionar independiente lleg\u00f3 a despertar quejas en otros kirchneristas y el propio N\u00e9stor Kirchner tuvo que llamarle la atenci\u00f3n por su autonom\u00eda.<\/p>\n<p style=\"text-align: justify;\">Fern\u00e1ndez es uno de los hombres alineados al Ministro de Planificaci\u00f3n Federal Julio de Vido, y un hombre pol\u00e9mico dentro del kirchnerismo.<\/p>\n","protected":false},"excerpt":{"rendered":"<p>\u00a0Esta tarde desconocidos balearon al Auditor General de la Naci\u00f3n el Dr. Francisco Javier Fern\u00e1ndez, en momentos que circulaba con su veh\u00edculo C4 por el barrio de Colegiales, recibiendo al menos tres disparos. El funcionario es uno de los m\u00e1s cuestionados operadores pol\u00edticos en el ambiente judicial, al punto de que su accionar independiente lleg\u00f3&hellip;<\/p>\n","protected":false},"author":1,"featured_media":0,"comment_status":"open","ping_status":"open","sticky":false,"template":"","format":"standard","meta":{"footnotes":""},"categories":[22],"tags":[8566,8564,6313,894,8565],"class_list":["post-17482","post","type-post","status-publish","format-standard","hentry","category-policiales","tag-auditor-general-de-la-nacion","tag-balearon","tag-colegiales","tag-disparos","tag-dr-francisco-javier-fernandez"],"_links":{"self":[{"href":"https:\/\/www.elsindical.com.ar\/notas\/wp-json\/wp\/v2\/posts\/17482","targetHints":{"allow":["GET"]}}],"collection":[{"href":"https:\/\/www.elsindical.com.ar\/notas\/wp-json\/wp\/v2\/posts"}],"about":[{"href":"https:\/\/www.elsindical.com.ar\/notas\/wp-json\/wp\/v2\/types\/post"}],"author":[{"embeddable":true,"href":"https:\/\/www.elsindical.com.ar\/notas\/wp-json\/wp\/v2\/users\/1"}],"replies":[{"embeddable":true,"href":"https:\/\/www.elsindical.com.ar\/notas\/wp-json\/wp\/v2\/comments?post=17482"}],"version-history":[{"count":1,"href":"https:\/\/www.elsindical.com.ar\/notas\/wp-json\/wp\/v2\/posts\/17482\/revisions"}],"predecessor-version":[{"id":17484,"href":"https:\/\/www.elsindical.com.ar\/notas\/wp-json\/wp\/v2\/posts\/17482\/revisions\/17484"}],"wp:attachment":[{"href":"https:\/\/www.elsindical.com.ar\/notas\/wp-json\/wp\/v2\/media?parent=17482"}],"wp:term":[{"taxonomy":"category","embeddable":true,"href":"https:\/\/www.elsindical.com.ar\/notas\/wp-json\/wp\/v2\/categories?post=17482"},{"taxonomy":"post_tag","embeddable":true,"href":"https:\/\/www.elsindical.com.ar\/notas\/wp-json\/wp\/v2\/tags?post=17482"}],"curies":[{"name":"wp","href":"https:\/\/api.w.org\/{rel}","templated":true}]}}