{"id":17473,"date":"2011-10-05T20:02:16","date_gmt":"2011-10-05T23:02:16","guid":{"rendered":"http:\/\/www.elsindical.com.ar\/notas\/?p=17473"},"modified":"2011-10-05T20:02:16","modified_gmt":"2011-10-05T23:02:16","slug":"tregua-de-camioneros-en-gate-gourmet-manana-continuaran-las-negociaciones","status":"publish","type":"post","link":"https:\/\/www.elsindical.com.ar\/notas\/tregua-de-camioneros-en-gate-gourmet-manana-continuaran-las-negociaciones\/","title":{"rendered":"Tregua de Camioneros en Gate Gourmet: ma\u00f1ana continuar\u00e1n las negociaciones"},"content":{"rendered":"<p style=\"text-align: justify;\"><em><a href=\"http:\/\/www.elsindical.com.ar\/notas\/var\/www\/html\/notas\/wp-content\/uploads\/2011\/10\/Gate-Gourmet-Argentina.jpg\"><img loading=\"lazy\" decoding=\"async\" class=\"alignleft size-medium wp-image-17474\" title=\"Gate-Gourmet-Argentina\" src=\"http:\/\/www.elsindical.com.ar\/notas\/var\/www\/html\/notas\/wp-content\/uploads\/2011\/10\/Gate-Gourmet-Argentina-300x225.jpg\" alt=\"\" width=\"300\" height=\"225\" srcset=\"https:\/\/www.elsindical.com.ar\/notas\/var\/www\/html\/notas\/wp-content\/uploads\/2011\/10\/Gate-Gourmet-Argentina-300x225.jpg 300w, https:\/\/www.elsindical.com.ar\/notas\/var\/www\/html\/notas\/wp-content\/uploads\/2011\/10\/Gate-Gourmet-Argentina.jpg 413w\" sizes=\"auto, (max-width: 300px) 100vw, 300px\" \/><\/a>Tras una larga reuni\u00f3n realizada en el Ministerio de Trabajo, los sindicalistas, que <strong>imped\u00edan el ingreso <\/strong>a la compa\u00f1\u00eda, se comprometieron a dejar de lado las medidas de fuerzas mientras siguen las conversaciones entre las partes. <strong>Se decidi\u00f3 pasar a cuarto intermedio hasta ma\u00f1ana a las 12:30.<\/strong><\/em><\/p>\n<p style=\"text-align: justify;\">Las negociaciones entre el sindicato de Camioneros y la empresa Gate Gourmet <strong>pasaron a un cuarto intermedio y se reanudar\u00e1n ma\u00f1ana a las 12:30 hs.\u00a0en el Ministerio de Trabajo. <\/strong>Tras una larga reuni\u00f3n realizada hoy en la cartera laboral, los gremialistas se comprometieron a dejar de lado las medidas de fuerza mientras contin\u00faan las conversaciones.<\/p>\n<p style=\"text-align: justify;\">En ese sentido, un grupo de gremialistas impidi\u00f3 el ingreso y egreso a la planta de la compa\u00f1\u00eda Gate Gourmet Argentina y amenazaron con no entregar los alimentos que se entregan en los aviones, poniendo en peligro la partida de los vuelos de larga distancia e internacionales programados para la jornada.<\/p>\n<p style=\"text-align: justify;\"><strong>La firma es la encargada de preparar los alimentos para los vuelos nacionales e internacionales que parten de los aeropuertos de Ezeiza y Jorge Newbery. All\u00ed, el sindicato liderado por el hijo de Moyano reclama para s\u00ed el personal que prepara y traslada el catering.<\/strong><\/p>\n<p style=\"text-align: justify;\">En un comunicado al que tuvo acceso el sindicato justific\u00f3 la medida: \u00abLos trabajadores han tomado esta medida por el incumplimiento de un acuerdo en el cual el personal deber\u00eda estar encuadrado en el convenio 40\/89 de Camioneros. Este acuerdo se firm\u00f3 hace un a\u00f1o, y durante ese periodo la empresa ha dilatado el cumplimiento del mismo\u00bb.<\/p>\n<p style=\"text-align: justify;\"><strong>Adem\u00e1s, el texto a\u00f1ade que \u00abson m\u00e1s de 130 trabajadores entre Aeroparque y aeropuerto de Ezeiza\u00bb y que \u00abla medida continuar\u00e1 hasta que la empresa d\u00e9 cumplimiento al acuerdo mencionado\u00bb.<\/strong><\/p>\n<p style=\"text-align: justify;\">Adem\u00e1s, otro grupo de delegados y afiliados al gremio de Camioneros llev\u00f3 adelante una medida de fuerza dentro de la empresa proveedora de las viandas para las empresas que operan en ambas terminales a\u00e9reas.<\/p>\n<p style=\"text-align: justify;\"><strong>Ayer se conoci\u00f3 que el Juez N\u00e9stor Rodr\u00edguez Brunengo, internado en terapia intensiva, vot\u00f3 a favor del gremio de Camioneros en la disputa que lleva adelante con el gremio de la Alimentaci\u00f3n, conducido por Rodolfo Daer.<\/strong><\/p>\n","protected":false},"excerpt":{"rendered":"<p>Tras una larga reuni\u00f3n realizada en el Ministerio de Trabajo, los sindicalistas, que imped\u00edan el ingreso a la compa\u00f1\u00eda, se comprometieron a dejar de lado las medidas de fuerzas mientras siguen las conversaciones entre las partes. Se decidi\u00f3 pasar a cuarto intermedio hasta ma\u00f1ana a las 12:30. Las negociaciones entre el sindicato de Camioneros y&hellip;<\/p>\n","protected":false},"author":1,"featured_media":0,"comment_status":"open","ping_status":"open","sticky":false,"template":"","format":"standard","meta":{"footnotes":""},"categories":[16],"tags":[8561,257,8470,1230,2421,8562,1095],"class_list":["post-17473","post","type-post","status-publish","format-standard","hentry","category-gremiales","tag-gate-gourmet-argentina","tag-ministerio-de-trabajo","tag-polemica","tag-sindicalistas","tag-sindicato-de-camioneros","tag-sindicato-de-la-alimentacion","tag-sindicatos"],"_links":{"self":[{"href":"https:\/\/www.elsindical.com.ar\/notas\/wp-json\/wp\/v2\/posts\/17473","targetHints":{"allow":["GET"]}}],"collection":[{"href":"https:\/\/www.elsindical.com.ar\/notas\/wp-json\/wp\/v2\/posts"}],"about":[{"href":"https:\/\/www.elsindical.com.ar\/notas\/wp-json\/wp\/v2\/types\/post"}],"author":[{"embeddable":true,"href":"https:\/\/www.elsindical.com.ar\/notas\/wp-json\/wp\/v2\/users\/1"}],"replies":[{"embeddable":true,"href":"https:\/\/www.elsindical.com.ar\/notas\/wp-json\/wp\/v2\/comments?post=17473"}],"version-history":[{"count":1,"href":"https:\/\/www.elsindical.com.ar\/notas\/wp-json\/wp\/v2\/posts\/17473\/revisions"}],"predecessor-version":[{"id":17475,"href":"https:\/\/www.elsindical.com.ar\/notas\/wp-json\/wp\/v2\/posts\/17473\/revisions\/17475"}],"wp:attachment":[{"href":"https:\/\/www.elsindical.com.ar\/notas\/wp-json\/wp\/v2\/media?parent=17473"}],"wp:term":[{"taxonomy":"category","embeddable":true,"href":"https:\/\/www.elsindical.com.ar\/notas\/wp-json\/wp\/v2\/categories?post=17473"},{"taxonomy":"post_tag","embeddable":true,"href":"https:\/\/www.elsindical.com.ar\/notas\/wp-json\/wp\/v2\/tags?post=17473"}],"curies":[{"name":"wp","href":"https:\/\/api.w.org\/{rel}","templated":true}]}}