{"id":17427,"date":"2011-10-04T21:28:57","date_gmt":"2011-10-05T00:28:57","guid":{"rendered":"http:\/\/www.elsindical.com.ar\/notas\/?p=17427"},"modified":"2011-10-04T21:28:57","modified_gmt":"2011-10-05T00:28:57","slug":"el-juez-excarcelo-a-sobrero-y-critico-la-investigacion-de-la-policia-federal","status":"publish","type":"post","link":"https:\/\/www.elsindical.com.ar\/notas\/el-juez-excarcelo-a-sobrero-y-critico-la-investigacion-de-la-policia-federal\/","title":{"rendered":"El Juez excarcel\u00f3 a Sobrero y critic\u00f3 la investigaci\u00f3n de la Polic\u00eda Federal"},"content":{"rendered":"<p style=\"text-align: justify;\"><em><a href=\"http:\/\/www.elsindical.com.ar\/notas\/var\/www\/html\/notas\/wp-content\/uploads\/2011\/10\/Juez-federal-Juan-Manuel-Ya.jpg\"><img loading=\"lazy\" decoding=\"async\" class=\"alignleft size-medium wp-image-17428\" title=\"Juez-federal-Juan-Manuel-Ya\" src=\"http:\/\/www.elsindical.com.ar\/notas\/var\/www\/html\/notas\/wp-content\/uploads\/2011\/10\/Juez-federal-Juan-Manuel-Ya-300x225.jpg\" alt=\"\" width=\"300\" height=\"225\" srcset=\"https:\/\/www.elsindical.com.ar\/notas\/var\/www\/html\/notas\/wp-content\/uploads\/2011\/10\/Juez-federal-Juan-Manuel-Ya-300x225.jpg 300w, https:\/\/www.elsindical.com.ar\/notas\/var\/www\/html\/notas\/wp-content\/uploads\/2011\/10\/Juez-federal-Juan-Manuel-Ya.jpg 413w\" sizes=\"auto, (max-width: 300px) 100vw, 300px\" \/><\/a>Juan Manuel Yalj calific\u00f3 de \u00abinfelices\u00bb las tareas de inteligencia y reconoci\u00f3 que los testimonios contra el gremialista opositor \u00abse diluyen un poco\u00bb. Sin embargo, asegur\u00f3 que la acusaci\u00f3n \u00absigue siendo la misma\u00bb. El fiscal hab\u00eda opinado que las pruebas son \u00abendebles\u00bb.<\/em><\/p>\n<p style=\"text-align: justify;\">La Justicia le entreg\u00f3 la excarcelaci\u00f3n al sindicalista ferroviario Rub\u00e9n Sobrero. La investigaci\u00f3n contin\u00faa y en los pr\u00f3ximos 10 d\u00edas h\u00e1biles, el magistrado tendr\u00e1 que determinar si procesa a Sobrero o no.\u00a0<\/p>\n<p style=\"text-align: justify;\">El Juez de San Mart\u00edn Juan Manuel Yalj <strong>determin\u00f3 la excarcelaci\u00f3n de Sobrero y de otros tres detenidos<\/strong>. \u00abLa investigaci\u00f3n sigue y ma\u00f1ana van a venir al Juzgado\u00bb, manifest\u00f3 el magistrado.\u00a0<\/p>\n<p style=\"text-align: justify;\">El Juez aclar\u00f3 que <strong>si hubiera tenido alg\u00fan fundamento serio para negarles la excarcelaci\u00f3n a los cuatro detenidos<\/strong> (peligro de fuga o que obstaculicen la investigaci\u00f3n), <strong>lo hubiera hecho<\/strong>.\u00a0<\/p>\n<p style=\"text-align: justify;\">El magistrado reconoci\u00f3 que el testimonio de uno de los detenidos no cumpli\u00f3 con las expectativas. \u00abEl testimonio de (Alan) Skrobacki y las tareas de inteligencia que se hicieron no fueron felices\u00bb, admiti\u00f3.\u00a0<\/p>\n<p style=\"text-align: justify;\">La detenci\u00f3n del \u00abPollo\u00bb Sobrero, que se produjo el viernes pasado a la ma\u00f1ana y hasta fue repudiada por la CGT, llam\u00f3 la atenci\u00f3n porque reci\u00e9n pudo declarar ayer. \u00abHasta ahora tengo fuertes elementos de prueba\u00bb, hab\u00eda manifestado ayer el magistrado.\u00a0<\/p>\n<p style=\"text-align: justify;\">\u00abPreferir\u00eda hacer las cosas mejor. No quiero descartar mis responsabilidades. Los investigadores act\u00faan, en definitiva, a las \u00f3rdenes del juzgado y yo asumo que es el juzgado el que las debe responder. Mi error pudo haber sido no haberlos visto\u00bb, agreg\u00f3 Yalj a la prensa.\u00a0<\/p>\n<p style=\"text-align: justify;\">A pesar de liberarlo, la Justicia continuar\u00e1 con las investigaciones y dentro de los pr\u00f3ximos 10 d\u00edas h\u00e1biles decidir\u00e1n si existen m\u00e9ritos para seguir adelante y procesar al sindicalista o no. \u00abLa figura de los imputados sigue siendo la misma\u00bb, agreg\u00f3.\u00a0<\/p>\n<p style=\"text-align: justify;\">De esta manera, Sobrero tendr\u00e1 prohibido salir del pa\u00eds, ausentarse del domicilio por m\u00e1s de 48 horas y la obligaci\u00f3n de presentarse una vez por mes en el juzgado.\u00a0<\/p>\n<p style=\"text-align: justify;\">Por otro lado, el magistrado tambi\u00e9n decidi\u00f3 otorgarle la excarcelaci\u00f3n al ex vocero gremial Leonardo Portorreal y a otros dos detenidos en esta causa: Rodrigo Pel\u00e1ez y Angel Akson.\u00a0<\/p>\n<p style=\"text-align: justify;\">El Fiscal federal Jorge Sica hab\u00eda pedido hoy a la ma\u00f1ana la libertad del ferroviario Rub\u00e9n Sobrero, del ex vocero gremial Leonardo Portorreal y de otros dos detenidos en la causa de la quema de trenes ocurrida en mayo pasado.\u00a0<\/p>\n<p style=\"text-align: justify;\">Sica hab\u00eda advertido sobre la \u00abendeblez probatoria que existe en la causa\u00bb contra Sobrero y consider\u00f3 que, en libertad, el gremialista no se fugar\u00e1 ni entorpecer\u00e1 la investigaci\u00f3n.<\/p>\n<p style=\"text-align: justify;\">En la improvisada conferencia de prensa que concedi\u00f3 para anunciar la liberaci\u00f3n de <strong>Rub\u00e9n \u00abPollo\u00bb Sobrero<\/strong> junto con otros tres acusados, el juez federal de San Mart\u00edn <strong>Juan Manuel Yalj<\/strong> <strong>acus\u00f3 a los servicios de inteligencia de entregarle al hermano de una de las personas<\/strong> filmadas por las c\u00e1maras de seguridad con un bid\u00f3n de nafta cerca de los trenes.<\/p>\n<p>\u00abAkson es una persona que la tenemos identificada y que est\u00e1 en el momento de la filmaci\u00f3n, porque una llamada al 911 <strong>avis\u00f3 que lo vieron con un bid\u00f3n de nafta<\/strong>. Pero <strong>las infelices tareas de inteligencia hicieron que lo traigan al hermano y no a \u00e9l<\/strong>\u00ab, explic\u00f3 Yalj.<\/p>\n<p>La persona mencionada por el magistrado es <strong>\u00c1ngel Hern\u00e1n Akson<\/strong>, quien <strong>fue encerrado tan solo por compartir el mismo apellido que su hermano<\/strong>. Pese a todo, el magistrado aclar\u00f3: \u00ab<strong>No creo haber trabajado con hip\u00f3tesis err\u00f3neas<\/strong>\u00ab.<\/p>\n<p>Junto con el inocente y Sobrero fueron excarcelados Leonardo Portorreal y Rodrigo Pel\u00e1ez, mientras que <strong>permancer\u00e1n en prisi\u00f3n los hermanos Fernando y Guillermo D\u00edaz<\/strong>.<\/p>\n","protected":false},"excerpt":{"rendered":"<p>Juan Manuel Yalj calific\u00f3 de \u00abinfelices\u00bb las tareas de inteligencia y reconoci\u00f3 que los testimonios contra el gremialista opositor \u00abse diluyen un poco\u00bb. Sin embargo, asegur\u00f3 que la acusaci\u00f3n \u00absigue siendo la misma\u00bb. El fiscal hab\u00eda opinado que las pruebas son \u00abendebles\u00bb. La Justicia le entreg\u00f3 la excarcelaci\u00f3n al sindicalista ferroviario Rub\u00e9n Sobrero. La investigaci\u00f3n&hellip;<\/p>\n","protected":false},"author":1,"featured_media":0,"comment_status":"open","ping_status":"open","sticky":false,"template":"","format":"standard","meta":{"footnotes":""},"categories":[20],"tags":[890,1779,22024,8510,958,4019,8485,820],"class_list":["post-17427","post","type-post","status-publish","format-standard","hentry","category-judiciales","tag-detencion","tag-excarcelacion","tag-investigacion","tag-juez-federal-juan-manuel-yalj","tag-policia-federal","tag-procesado","tag-ruben-pollo-sobrero","tag-san-martin"],"_links":{"self":[{"href":"https:\/\/www.elsindical.com.ar\/notas\/wp-json\/wp\/v2\/posts\/17427","targetHints":{"allow":["GET"]}}],"collection":[{"href":"https:\/\/www.elsindical.com.ar\/notas\/wp-json\/wp\/v2\/posts"}],"about":[{"href":"https:\/\/www.elsindical.com.ar\/notas\/wp-json\/wp\/v2\/types\/post"}],"author":[{"embeddable":true,"href":"https:\/\/www.elsindical.com.ar\/notas\/wp-json\/wp\/v2\/users\/1"}],"replies":[{"embeddable":true,"href":"https:\/\/www.elsindical.com.ar\/notas\/wp-json\/wp\/v2\/comments?post=17427"}],"version-history":[{"count":1,"href":"https:\/\/www.elsindical.com.ar\/notas\/wp-json\/wp\/v2\/posts\/17427\/revisions"}],"predecessor-version":[{"id":17429,"href":"https:\/\/www.elsindical.com.ar\/notas\/wp-json\/wp\/v2\/posts\/17427\/revisions\/17429"}],"wp:attachment":[{"href":"https:\/\/www.elsindical.com.ar\/notas\/wp-json\/wp\/v2\/media?parent=17427"}],"wp:term":[{"taxonomy":"category","embeddable":true,"href":"https:\/\/www.elsindical.com.ar\/notas\/wp-json\/wp\/v2\/categories?post=17427"},{"taxonomy":"post_tag","embeddable":true,"href":"https:\/\/www.elsindical.com.ar\/notas\/wp-json\/wp\/v2\/tags?post=17427"}],"curies":[{"name":"wp","href":"https:\/\/api.w.org\/{rel}","templated":true}]}}