{"id":1740,"date":"2009-11-17T01:35:07","date_gmt":"2009-11-17T04:35:07","guid":{"rendered":"http:\/\/www.elsindical.com.ar\/notas\/?p=1740"},"modified":"2009-11-17T01:35:07","modified_gmt":"2009-11-17T04:35:07","slug":"ocana-cuestiona-aumento-de-recursos-para-obras-sociales","status":"publish","type":"post","link":"https:\/\/www.elsindical.com.ar\/notas\/ocana-cuestiona-aumento-de-recursos-para-obras-sociales\/","title":{"rendered":"Oca\u00f1a cuestiona aumento de recursos para obras sociales"},"content":{"rendered":"<p><em><img loading=\"lazy\" decoding=\"async\" class=\"alignleft size-full wp-image-1741\" title=\"Graciela-Oca\u00f1a\" src=\"http:\/\/www.elsindical.com.ar\/notas\/var\/www\/html\/notas\/wp-content\/uploads\/2009\/11\/Graciela-Oca\u00f1a.jpg\" alt=\"Graciela-Oca\u00f1a\" width=\"227\" height=\"149\" \/>La ex ministra de Salud Graciela Oca\u00f1a cuestion\u00f3 la decisi\u00f3n oficial de aumentar los recursos a las obras sociales, al advertir que esos fondos \u00abpueden ser desviados en otros sentidos\u00bb.<\/em><\/p>\n<p>\u00abEn ciertos casos, el dinero va al patrimonio particular de algunos dirigentes sindicales y no para mejorar las prestaciones\u00bb, asegur\u00f3 Oca\u00f1a.<\/p>\n<p>La tambi\u00e9n ex interventora se refiri\u00f3 as\u00ed a la decisi\u00f3n de la presidenta Cristina Kirchner de elevar en 30 por ciento el monto m\u00ednimo garantizado por cada beneficiario, mediante un fondo superior a los 3000 millones de pesos.<\/p>\n<p>\u00abPreocupa que ese dinero sea usado por las obras sociales. Este dinero no es del Estado ni de los sindicatos, es una parte de los aportes de los trabajadores para garantizar prestaciones de alto costo\u00bb, resalt\u00f3 Oca\u00f1a.<\/p>\n<p>Para la ex funcionaria ser\u00eda \u00abgrave\u00bb que la medida anunciada por el superintendente de Servicios de Salud, Ricardo Bellagio, a trav\u00e9s de dos matutinos, sea implementada.<\/p>\n<p>Bellagio argument\u00f3 que la decisi\u00f3n se debe a que creci\u00f3 m\u00e1s que lo previsto la recaudaci\u00f3n del Fondo Solidario de Redistribuci\u00f3n (FSR) que financia esa garant\u00eda.<\/p>\n<p>El piso garantizado significa que dicho Fondo le transfiere a las obras sociales la diferencia entre lo que recaudan de sus afiliados y los valores m\u00ednimos garantizados.<\/p>\n<p>\u00abEs una forma de apropiarse recursos, una forma de corrupci\u00f3n muy importante\u00bb, alert\u00f3 la ex funcionaria, quien renunci\u00f3 al Ministerio de Salud en medio de una fuerte pelea con el secretario general de la CGT, Hugo Moyano.<\/p>\n<p>Precisamente, apunt\u00f3 contra el jefe sindical al asegurar que \u00aben algunos casos, como en (el Sindicato de) Camioneros\u00bb, la administraci\u00f3n de estos fondos est\u00e1 a cargo de empresas \u00abque son justamente de la familia Moyano\u00bb.<\/p>\n<p>El traspaso del FSR a las obras sociales \u00abera siempre la aspiraci\u00f3n de Hugo Moyano\u00bb, agreg\u00f3 Oca\u00f1a y enfatiz\u00f3 que algunos gremialistas \u00abcreen que estos recursos son propios\u00bb.<\/p>\n<p>\u00abEsto es grave porque este 30 por ciento tampoco explica muy bien a santo de qu\u00e9, m\u00e1s que para poder repartir este fondo\u00bb, sostuvo.<\/p>\n<p style=\"text-align: justify;\">La determinaci\u00f3n oficial fue tomada en medio de la disputa entre el sindicalismo peronista y algunas agrupaciones gremiales de izquierda y pareci\u00f3 un gesto de apoyo del Gobierno al sistema gremial vigente.<\/p>\n","protected":false},"excerpt":{"rendered":"<p>La ex ministra de Salud Graciela Oca\u00f1a cuestion\u00f3 la decisi\u00f3n oficial de aumentar los recursos a las obras sociales, al advertir que esos fondos \u00abpueden ser desviados en otros sentidos\u00bb. \u00abEn ciertos casos, el dinero va al patrimonio particular de algunos dirigentes sindicales y no para mejorar las prestaciones\u00bb, asegur\u00f3 Oca\u00f1a. La tambi\u00e9n ex interventora&hellip;<\/p>\n","protected":false},"author":1,"featured_media":0,"comment_status":"open","ping_status":"open","sticky":false,"template":"","format":"standard","meta":{"footnotes":""},"categories":[13],"tags":[357,375,955,925,947],"class_list":["post-1740","post","type-post","status-publish","format-standard","hentry","category-politica","tag-aumento","tag-gobierno","tag-graciela-ocana","tag-moyano","tag-obras-sociales"],"_links":{"self":[{"href":"https:\/\/www.elsindical.com.ar\/notas\/wp-json\/wp\/v2\/posts\/1740","targetHints":{"allow":["GET"]}}],"collection":[{"href":"https:\/\/www.elsindical.com.ar\/notas\/wp-json\/wp\/v2\/posts"}],"about":[{"href":"https:\/\/www.elsindical.com.ar\/notas\/wp-json\/wp\/v2\/types\/post"}],"author":[{"embeddable":true,"href":"https:\/\/www.elsindical.com.ar\/notas\/wp-json\/wp\/v2\/users\/1"}],"replies":[{"embeddable":true,"href":"https:\/\/www.elsindical.com.ar\/notas\/wp-json\/wp\/v2\/comments?post=1740"}],"version-history":[{"count":2,"href":"https:\/\/www.elsindical.com.ar\/notas\/wp-json\/wp\/v2\/posts\/1740\/revisions"}],"predecessor-version":[{"id":1743,"href":"https:\/\/www.elsindical.com.ar\/notas\/wp-json\/wp\/v2\/posts\/1740\/revisions\/1743"}],"wp:attachment":[{"href":"https:\/\/www.elsindical.com.ar\/notas\/wp-json\/wp\/v2\/media?parent=1740"}],"wp:term":[{"taxonomy":"category","embeddable":true,"href":"https:\/\/www.elsindical.com.ar\/notas\/wp-json\/wp\/v2\/categories?post=1740"},{"taxonomy":"post_tag","embeddable":true,"href":"https:\/\/www.elsindical.com.ar\/notas\/wp-json\/wp\/v2\/tags?post=1740"}],"curies":[{"name":"wp","href":"https:\/\/api.w.org\/{rel}","templated":true}]}}