{"id":17303,"date":"2011-09-28T08:24:44","date_gmt":"2011-09-28T11:24:44","guid":{"rendered":"http:\/\/www.elsindical.com.ar\/notas\/?p=17303"},"modified":"2011-09-28T08:24:44","modified_gmt":"2011-09-28T11:24:44","slug":"fanny-mandelbaum-y-pablo-lanusse-fuera-de-las-candidaturas","status":"publish","type":"post","link":"https:\/\/www.elsindical.com.ar\/notas\/fanny-mandelbaum-y-pablo-lanusse-fuera-de-las-candidaturas\/","title":{"rendered":"Fanny Mandelbaum y Pablo Lanusse fuera de las candidaturas"},"content":{"rendered":"<p style=\"text-align: justify;\"><em><a href=\"http:\/\/www.elsindical.com.ar\/notas\/var\/www\/html\/notas\/wp-content\/uploads\/2011\/09\/Lanusse-y-Mandelbaum.jpg\"><img loading=\"lazy\" decoding=\"async\" class=\"alignleft size-medium wp-image-17304\" title=\"Lanusse-y-Mandelbaum\" src=\"http:\/\/www.elsindical.com.ar\/notas\/var\/www\/html\/notas\/wp-content\/uploads\/2011\/09\/Lanusse-y-Mandelbaum-300x223.jpg\" alt=\"\" width=\"300\" height=\"223\" srcset=\"https:\/\/www.elsindical.com.ar\/notas\/var\/www\/html\/notas\/wp-content\/uploads\/2011\/09\/Lanusse-y-Mandelbaum-300x223.jpg 300w, https:\/\/www.elsindical.com.ar\/notas\/var\/www\/html\/notas\/wp-content\/uploads\/2011\/09\/Lanusse-y-Mandelbaum.jpg 413w\" sizes=\"auto, (max-width: 300px) 100vw, 300px\" \/><\/a>Desistieron ante la presencia de dos listas adheridas a la candidatura presidencial de Ricardo Alfons\u00edn. M\u00e1s all\u00e1 de los intereses pol\u00edticos, los perjudicados son los electores que apoyaron las candidaturas de estos medi\u00e1ticos personajes.<\/em><\/p>\n<p style=\"text-align: justify;\">Fanny Mandelbaum y Pablo Lanusse decidieron bajarse de sus candidaturas a diputados nacionales porte\u00f1os de Uni\u00f3n para el Desarrollo Social (Udeso) ante la presencia de dos listas adheridas a la candidatura presidencial de Ricardo Alfons\u00edn.<\/p>\n<p style=\"text-align: justify;\">El ex fiscal y la reconocida periodista se reunieron con el candidato a gobernador por Udeso, Francisco de Narv\u00e1ez, y con su jefe de campa\u00f1a, Daniel Amoroso, para informales sobre su voluntad. Voceros del denarva\u00edsmo indicaron que Lanusse y Mandelbaum agradecieron \u00aba todas las personas que nos brindaron su confianza en las elecciones internas del 14 de agosto y a quienes se sumaron a nuestro proyecto pol\u00edtico despu\u00e9s de ese d\u00eda para expresar su respaldo a nuestra propuesta\u00bb.<\/p>\n<p style=\"text-align: justify;\">De esta manera, <strong>el denarva\u00edsmo hizo lugar a un planteo del radicalismo respecto a la presencia de dos listas de candidatos a diputados nacionales por la Ciudad de Buenos Aires<\/strong>, debajo de la postulaci\u00f3n de Alfons\u00edn. Con la declinaci\u00f3n de Mandelbaum y de Lanusse, el radicalismo evitar\u00eda la dispersi\u00f3n de votos y <strong>fortalecer\u00eda a la lista que encabeza Manuel Garrido ex Fiscal que saltara a la palestra medi\u00e1tica denunciando maniobras persecutorias desde el gobierno nacional\u00a0y Hern\u00e1n Rossi.<\/strong><\/p>\n<p style=\"text-align: justify;\">Para quienes no conocen realmente la trayectoria de Manuel Garrido, este se vende mejor de lo que rinde, ya que en su paso por la Oficina Anticorrupci\u00f3n cajoneo varias investigaciones que involucraban a funcionarios en hechos de corrupci\u00f3n a pesar de las pruebas con las que contaba\u00a0y luego de ganar en un esc\u00e1ndaloso concurso la vacante para Fiscal de Investigaciones Administrativas de la Naci\u00f3n, escogi\u00f3 las causas que le dieran prensa.<\/p>\n","protected":false},"excerpt":{"rendered":"<p>Desistieron ante la presencia de dos listas adheridas a la candidatura presidencial de Ricardo Alfons\u00edn. M\u00e1s all\u00e1 de los intereses pol\u00edticos, los perjudicados son los electores que apoyaron las candidaturas de estos medi\u00e1ticos personajes. Fanny Mandelbaum y Pablo Lanusse decidieron bajarse de sus candidaturas a diputados nacionales porte\u00f1os de Uni\u00f3n para el Desarrollo Social (Udeso)&hellip;<\/p>\n","protected":false},"author":1,"featured_media":0,"comment_status":"open","ping_status":"open","sticky":false,"template":"","format":"standard","meta":{"footnotes":""},"categories":[13],"tags":[8465,3668,8466,1657,8464,1890],"class_list":["post-17303","post","type-post","status-publish","format-standard","hentry","category-politica","tag-fany-mandelbaum","tag-francisco-de-narvaez","tag-hernan-rossi","tag-manuel-garrido","tag-pablo-lanusse","tag-raul-alfonsin"],"_links":{"self":[{"href":"https:\/\/www.elsindical.com.ar\/notas\/wp-json\/wp\/v2\/posts\/17303","targetHints":{"allow":["GET"]}}],"collection":[{"href":"https:\/\/www.elsindical.com.ar\/notas\/wp-json\/wp\/v2\/posts"}],"about":[{"href":"https:\/\/www.elsindical.com.ar\/notas\/wp-json\/wp\/v2\/types\/post"}],"author":[{"embeddable":true,"href":"https:\/\/www.elsindical.com.ar\/notas\/wp-json\/wp\/v2\/users\/1"}],"replies":[{"embeddable":true,"href":"https:\/\/www.elsindical.com.ar\/notas\/wp-json\/wp\/v2\/comments?post=17303"}],"version-history":[{"count":1,"href":"https:\/\/www.elsindical.com.ar\/notas\/wp-json\/wp\/v2\/posts\/17303\/revisions"}],"predecessor-version":[{"id":17305,"href":"https:\/\/www.elsindical.com.ar\/notas\/wp-json\/wp\/v2\/posts\/17303\/revisions\/17305"}],"wp:attachment":[{"href":"https:\/\/www.elsindical.com.ar\/notas\/wp-json\/wp\/v2\/media?parent=17303"}],"wp:term":[{"taxonomy":"category","embeddable":true,"href":"https:\/\/www.elsindical.com.ar\/notas\/wp-json\/wp\/v2\/categories?post=17303"},{"taxonomy":"post_tag","embeddable":true,"href":"https:\/\/www.elsindical.com.ar\/notas\/wp-json\/wp\/v2\/tags?post=17303"}],"curies":[{"name":"wp","href":"https:\/\/api.w.org\/{rel}","templated":true}]}}